{"id":1260,"date":"2026-03-15T19:50:40","date_gmt":"2026-03-16T01:50:40","guid":{"rendered":"https:\/\/gatodeyule.com\/?p=1260"},"modified":"2026-03-26T02:03:25","modified_gmt":"2026-03-26T08:03:25","slug":"oscars-2026-alfombra-roja","status":"publish","type":"post","link":"https:\/\/gatodeyule.com\/en\/oscars-2026-alfombra-roja\/","title":{"rendered":"OSCARS 2026 | ALFOMBRA ROJA"},"content":{"rendered":"<p>La alfombra roja de los <strong><em>Oscars<\/em> 2026<\/strong> fue todo lo que quer\u00edamos. El Dolby Theater de Los \u00c1ngeles, se visti\u00f3 de gala, en la noche m\u00e1s esperada del cine.<\/p>\n<p>De hecho, esta promet\u00eda ser una carrera muy re\u00f1ida en muchas de las categor\u00edas principales, en las que no se ha perfilado ninguna cinta como favorita absoluta. \u2018<em>Sinners<\/em>\u2019 encabezaba los rankings con 16 nominaciones, mientras que \u2018<em>Frankenstein<\/em>\u2019, \u2018<em>Marty<\/em> <em>Supreme<\/em>\u2019 y \u2018<em>Affeksjonsverdi<\/em>\u2019 iban de la mano, con 9 cada una.<\/p>\n<p>M\u00e1s all\u00e1 de los ganadores, esta fue una noche de mucho glamour por parte de todos los nominados y asistentes. La estrella de \u2018<em>One Battle After Another<\/em>\u2019, Teyana Taylor, fue una de las favoritas de esta temporada, mientras que Jessie Buckley y Emma Stone utilizaron la moda para hacer un gui\u00f1o a la elegancia del <em>Old Hollywood<\/em>.<\/p>\n<p><strong>DEMI MOORE<\/strong><br \/>\n<strong>EN GUCCI<\/strong><\/p>\n<p><img loading=\"lazy\" decoding=\"async\" class=\"alignnone wp-image-1318 size-full\" src=\"https:\/\/gatodeyule.com\/wp-content\/uploads\/2026\/03\/demi-moore-in-gucci-scaled.jpg\" alt=\"\" width=\"1707\" height=\"2560\" srcset=\"https:\/\/gatodeyule.com\/wp-content\/uploads\/2026\/03\/demi-moore-in-gucci-scaled.jpg 1707w, https:\/\/gatodeyule.com\/wp-content\/uploads\/2026\/03\/demi-moore-in-gucci-200x300.jpg 200w, https:\/\/gatodeyule.com\/wp-content\/uploads\/2026\/03\/demi-moore-in-gucci-683x1024.jpg 683w, https:\/\/gatodeyule.com\/wp-content\/uploads\/2026\/03\/demi-moore-in-gucci-768x1152.jpg 768w, https:\/\/gatodeyule.com\/wp-content\/uploads\/2026\/03\/demi-moore-in-gucci-1024x1536.jpg 1024w, https:\/\/gatodeyule.com\/wp-content\/uploads\/2026\/03\/demi-moore-in-gucci-1365x2048.jpg 1365w, https:\/\/gatodeyule.com\/wp-content\/uploads\/2026\/03\/demi-moore-in-gucci-8x12.jpg 8w\" sizes=\"auto, (max-width: 1707px) 100vw, 1707px\" \/><\/p>\n<p>Demi Moore volvi\u00f3 a sus siluetas dram\u00e1ticas favoritas con este dise\u00f1o exclusivo de <strong>Gucci<\/strong>, obra de Demna Gvasalia. La silueta esculpida es impactante, pero el verdadero efecto reside en el extraordinario trabajo con plumas. El corpi\u00f1o est\u00e1 confeccionado con plumas verdes iridiscentes superpuestas que crean una textura casi de armadura en el torso, para luego dar paso a plumas m\u00e1s oscuras que caen en cascada por la falda y se despliegan en una espectacular cola. Las joyas de <strong>Boucheron<\/strong> completaron su <em>look<\/em>.<\/p>\n<p>&nbsp;<\/p>\n<p><strong>JESSIE BUCKLEY<\/strong><br \/>\n<strong>EN CHANEL<\/strong><\/p>\n<p><img loading=\"lazy\" decoding=\"async\" class=\"alignnone size-full wp-image-1299\" src=\"https:\/\/gatodeyule.com\/wp-content\/uploads\/2026\/03\/jessie-buckley-in-chanel-1.webp\" alt=\"\" width=\"1080\" height=\"1495\" srcset=\"https:\/\/gatodeyule.com\/wp-content\/uploads\/2026\/03\/jessie-buckley-in-chanel-1.webp 1080w, https:\/\/gatodeyule.com\/wp-content\/uploads\/2026\/03\/jessie-buckley-in-chanel-1-217x300.webp 217w, https:\/\/gatodeyule.com\/wp-content\/uploads\/2026\/03\/jessie-buckley-in-chanel-1-740x1024.webp 740w, https:\/\/gatodeyule.com\/wp-content\/uploads\/2026\/03\/jessie-buckley-in-chanel-1-768x1063.webp 768w, https:\/\/gatodeyule.com\/wp-content\/uploads\/2026\/03\/jessie-buckley-in-chanel-1-9x12.webp 9w\" sizes=\"auto, (max-width: 1080px) 100vw, 1080px\" \/><\/p>\n<p>Jessie Buckley sorprendi\u00f3 con este vestido bustier de gasa rosa claro de <strong>Chanel<\/strong>, combinado con una llamativa estola de cuero satinado rojo que le daba un aire de alta costura de mediados de siglo. Es elegante, inesperado y mucho m\u00e1s interesante que la opci\u00f3n segura que tem\u00edamos que eligiera. Las joyas de alta joyer\u00eda de Chanel, incluyendo el collar<em> N\u00b05 Drop<\/em> de oro blanco y los pendientes <em>Bouton de Cam\u00e9lia<\/em>, completaron el <em>look<\/em>.<\/p>\n<p>&nbsp;<\/p>\n<p><strong>ARDEN CHO<\/strong><br \/>\n<strong>EN MISS SOHEE COUTURE<\/strong><\/p>\n<p><img loading=\"lazy\" decoding=\"async\" class=\"alignnone size-full wp-image-1264\" src=\"https:\/\/gatodeyule.com\/wp-content\/uploads\/2026\/03\/arden-cho-in-miss-sohee-ss26-couture.webp\" alt=\"\" width=\"1080\" height=\"1571\" srcset=\"https:\/\/gatodeyule.com\/wp-content\/uploads\/2026\/03\/arden-cho-in-miss-sohee-ss26-couture.webp 1080w, https:\/\/gatodeyule.com\/wp-content\/uploads\/2026\/03\/arden-cho-in-miss-sohee-ss26-couture-206x300.webp 206w, https:\/\/gatodeyule.com\/wp-content\/uploads\/2026\/03\/arden-cho-in-miss-sohee-ss26-couture-704x1024.webp 704w, https:\/\/gatodeyule.com\/wp-content\/uploads\/2026\/03\/arden-cho-in-miss-sohee-ss26-couture-768x1117.webp 768w, https:\/\/gatodeyule.com\/wp-content\/uploads\/2026\/03\/arden-cho-in-miss-sohee-ss26-couture-1056x1536.webp 1056w, https:\/\/gatodeyule.com\/wp-content\/uploads\/2026\/03\/arden-cho-in-miss-sohee-ss26-couture-8x12.webp 8w\" sizes=\"auto, (max-width: 1080px) 100vw, 1080px\" \/><\/p>\n<p>Arden Cho luci\u00f3 un dise\u00f1o de <strong>Miss Sohee <em>Couture<\/em><\/strong> con la delicadeza que exige la marca. El encaje negro metalizado envuelve el cuerpo, sujeto por un cors\u00e9 con borde festoneado adornado con cristales Swarovski. Las mangas esculturales y drapeadas de seda verde aportan contraste, bordadas con un jard\u00edn de glicinias en suaves tonos pastel, donde cobran vida p\u00e1jaros y flores de magnolia. Fue un momento memorable de alta costura.<\/p>\n<p>&nbsp;<\/p>\n<p><strong>NICOLE KIDMAN<\/strong><br \/>\n<strong>EN CHANEL<\/strong><\/p>\n<p><img loading=\"lazy\" decoding=\"async\" class=\"alignnone size-full wp-image-1347\" src=\"https:\/\/gatodeyule.com\/wp-content\/uploads\/2026\/03\/nicole-kidman-in-chanel-scaled.webp\" alt=\"\" width=\"1707\" height=\"2560\" srcset=\"https:\/\/gatodeyule.com\/wp-content\/uploads\/2026\/03\/nicole-kidman-in-chanel-scaled.webp 1707w, https:\/\/gatodeyule.com\/wp-content\/uploads\/2026\/03\/nicole-kidman-in-chanel-200x300.webp 200w, https:\/\/gatodeyule.com\/wp-content\/uploads\/2026\/03\/nicole-kidman-in-chanel-683x1024.webp 683w, https:\/\/gatodeyule.com\/wp-content\/uploads\/2026\/03\/nicole-kidman-in-chanel-768x1152.webp 768w, https:\/\/gatodeyule.com\/wp-content\/uploads\/2026\/03\/nicole-kidman-in-chanel-1024x1536.webp 1024w, https:\/\/gatodeyule.com\/wp-content\/uploads\/2026\/03\/nicole-kidman-in-chanel-1365x2048.webp 1365w, https:\/\/gatodeyule.com\/wp-content\/uploads\/2026\/03\/nicole-kidman-in-chanel-8x12.webp 8w\" sizes=\"auto, (max-width: 1707px) 100vw, 1707px\" \/><\/p>\n<p>Nicole Kidman nos sorprendi\u00f3 con su primer dise\u00f1o exclusivo de Chanel desde que fue reelegida embajadora de la marca . Luci\u00f3 un vestido <em>bustier<\/em> rosa empolvado con peplum y una falda adornada con plumas color albaricoque. El dise\u00f1o se inspira en los c\u00f3digos de <em>alta costura<\/em> de <strong>Chanel<\/strong> , combinando un corpi\u00f1o estructurado con delicados adornos de plumas que resaltan la maestr\u00eda artesanal de la casa.<\/p>\n<p>&nbsp;<\/p>\n<p><strong>KATE HUDSON<\/strong><br \/>\n<strong>EN ARMANI PRIV\u00c9<\/strong><\/p>\n<p><img loading=\"lazy\" decoding=\"async\" class=\"alignnone size-full wp-image-1358\" src=\"https:\/\/gatodeyule.com\/wp-content\/uploads\/2026\/03\/kate-hudson-in-armani-prive.webp\" alt=\"\" width=\"1600\" height=\"2308\" srcset=\"https:\/\/gatodeyule.com\/wp-content\/uploads\/2026\/03\/kate-hudson-in-armani-prive.webp 1600w, https:\/\/gatodeyule.com\/wp-content\/uploads\/2026\/03\/kate-hudson-in-armani-prive-208x300.webp 208w, https:\/\/gatodeyule.com\/wp-content\/uploads\/2026\/03\/kate-hudson-in-armani-prive-710x1024.webp 710w, https:\/\/gatodeyule.com\/wp-content\/uploads\/2026\/03\/kate-hudson-in-armani-prive-768x1108.webp 768w, https:\/\/gatodeyule.com\/wp-content\/uploads\/2026\/03\/kate-hudson-in-armani-prive-1065x1536.webp 1065w, https:\/\/gatodeyule.com\/wp-content\/uploads\/2026\/03\/kate-hudson-in-armani-prive-1420x2048.webp 1420w, https:\/\/gatodeyule.com\/wp-content\/uploads\/2026\/03\/kate-hudson-in-armani-prive-8x12.webp 8w\" sizes=\"auto, (max-width: 1600px) 100vw, 1600px\" \/><\/p>\n<p>Kate Hudson volvi\u00f3 a deslumbrar con un vestido de corpi\u00f1o de <strong>Armani Priv\u00e9<\/strong>, hecho a medida, con un escote coraz\u00f3n pronunciado y una cintura <em>peplum<\/em> esculpida. El vestido verde jade, ricamente bordado con piedras y cristales, transmit\u00eda a la perfecci\u00f3n el glamour que caracteriza tanto a ella como a Armani. Las joyas de <strong>Garatti<\/strong> completaron su <em>look<\/em>.<\/p>\n<p>&nbsp;<\/p>\n<p><strong>CHLO\u00c9 ZHAO<\/strong><br \/>\n<strong>EN GABRIELA HEARST<\/strong><\/p>\n<p><img loading=\"lazy\" decoding=\"async\" class=\"alignnone size-full wp-image-1359\" src=\"https:\/\/gatodeyule.com\/wp-content\/uploads\/2026\/03\/Chloe-Zhao-in-gabriela-hearst.jpg\" alt=\"\" width=\"1000\" height=\"1499\" srcset=\"https:\/\/gatodeyule.com\/wp-content\/uploads\/2026\/03\/Chloe-Zhao-in-gabriela-hearst.jpg 1000w, https:\/\/gatodeyule.com\/wp-content\/uploads\/2026\/03\/Chloe-Zhao-in-gabriela-hearst-200x300.jpg 200w, https:\/\/gatodeyule.com\/wp-content\/uploads\/2026\/03\/Chloe-Zhao-in-gabriela-hearst-683x1024.jpg 683w, https:\/\/gatodeyule.com\/wp-content\/uploads\/2026\/03\/Chloe-Zhao-in-gabriela-hearst-768x1151.jpg 768w, https:\/\/gatodeyule.com\/wp-content\/uploads\/2026\/03\/Chloe-Zhao-in-gabriela-hearst-8x12.jpg 8w\" sizes=\"auto, (max-width: 1000px) 100vw, 1000px\" \/><\/p>\n<p>Chlo\u00e9 Zhao luci\u00f3 un vestido de <strong>Gabriela Hearst<\/strong> hecho a medida , cargado de simbolismo. La silueta negra de manga larga con volantes superpuestos en el bajo mantiene la elegancia sobria que esperamos de la directora en la alfombra roja. El dise\u00f1o se inspira en la imagen del cuervo negro, un s\u00edmbolo a menudo asociado con la reflexi\u00f3n y la transformaci\u00f3n.<\/p>\n<p>&nbsp;<\/p>\n<p><strong>MIA GOTH<\/strong><br \/>\n<strong>EN DIOR<\/strong><\/p>\n<p><img loading=\"lazy\" decoding=\"async\" class=\"alignnone size-full wp-image-1360\" src=\"https:\/\/gatodeyule.com\/wp-content\/uploads\/2026\/03\/mia-goth-in-dior-1.webp\" alt=\"\" width=\"1080\" height=\"1620\" srcset=\"https:\/\/gatodeyule.com\/wp-content\/uploads\/2026\/03\/mia-goth-in-dior-1.webp 1080w, https:\/\/gatodeyule.com\/wp-content\/uploads\/2026\/03\/mia-goth-in-dior-1-200x300.webp 200w, https:\/\/gatodeyule.com\/wp-content\/uploads\/2026\/03\/mia-goth-in-dior-1-683x1024.webp 683w, https:\/\/gatodeyule.com\/wp-content\/uploads\/2026\/03\/mia-goth-in-dior-1-768x1152.webp 768w, https:\/\/gatodeyule.com\/wp-content\/uploads\/2026\/03\/mia-goth-in-dior-1-1024x1536.webp 1024w, https:\/\/gatodeyule.com\/wp-content\/uploads\/2026\/03\/mia-goth-in-dior-1-8x12.webp 8w\" sizes=\"auto, (max-width: 1080px) 100vw, 1080px\" \/><\/p>\n<p>Mia Goth luci\u00f3 un vestido <strong>Dior<\/strong> color marfil bordado con lunares y flores de encaje. El dise\u00f1o, con sus delicadas texturas y detalles superpuestos, evoca una est\u00e9tica rom\u00e1ntica. La presencia serena y algo distante de Mia complementa la suavidad del vestido, aportando un toque distintivo que lo hace interesante. Complet\u00f3 su look con joyas <strong>Messika<\/strong>.<\/p>\n<p>&nbsp;<\/p>\n<p><strong>AUDREY NUNA<\/strong><br \/>\n<strong>EN THOM BROWNE<\/strong><\/p>\n<p><img loading=\"lazy\" decoding=\"async\" class=\"alignnone size-full wp-image-1292\" src=\"https:\/\/gatodeyule.com\/wp-content\/uploads\/2026\/03\/audrey-nuna-in-thom-browne.webp\" alt=\"\" width=\"1600\" height=\"2066\" srcset=\"https:\/\/gatodeyule.com\/wp-content\/uploads\/2026\/03\/audrey-nuna-in-thom-browne.webp 1600w, https:\/\/gatodeyule.com\/wp-content\/uploads\/2026\/03\/audrey-nuna-in-thom-browne-232x300.webp 232w, https:\/\/gatodeyule.com\/wp-content\/uploads\/2026\/03\/audrey-nuna-in-thom-browne-793x1024.webp 793w, https:\/\/gatodeyule.com\/wp-content\/uploads\/2026\/03\/audrey-nuna-in-thom-browne-768x992.webp 768w, https:\/\/gatodeyule.com\/wp-content\/uploads\/2026\/03\/audrey-nuna-in-thom-browne-1190x1536.webp 1190w, https:\/\/gatodeyule.com\/wp-content\/uploads\/2026\/03\/audrey-nuna-in-thom-browne-1586x2048.webp 1586w, https:\/\/gatodeyule.com\/wp-content\/uploads\/2026\/03\/audrey-nuna-in-thom-browne-9x12.webp 9w\" sizes=\"auto, (max-width: 1600px) 100vw, 1600px\" \/><\/p>\n<p>Audrey Nuna se ha dejado ver con un impresionante vestido de moir\u00e9 dorado y negro de <strong>Thom Browne<\/strong>. El corpi\u00f1o de cuello alto adornado con cristales ca\u00eda en cascada sobre una espectacular falda negra, creando una silueta que se alejaba por completo de los c\u00f3digos de sastrer\u00eda habituales de la firma. Joyas de <strong>Chopard<\/strong> completaron su <em>look<\/em>.<\/p>\n<p>&nbsp;<\/p>\n<p><strong>ELLE FANNING<\/strong><br \/>\n<strong>EN GIVENCHY<\/strong><\/p>\n<p><img loading=\"lazy\" decoding=\"async\" class=\"alignnone size-full wp-image-1330\" src=\"https:\/\/gatodeyule.com\/wp-content\/uploads\/2026\/03\/elle-fanning-in-givenchy.webp\" alt=\"\" width=\"1600\" height=\"2400\" srcset=\"https:\/\/gatodeyule.com\/wp-content\/uploads\/2026\/03\/elle-fanning-in-givenchy.webp 1600w, https:\/\/gatodeyule.com\/wp-content\/uploads\/2026\/03\/elle-fanning-in-givenchy-200x300.webp 200w, https:\/\/gatodeyule.com\/wp-content\/uploads\/2026\/03\/elle-fanning-in-givenchy-683x1024.webp 683w, https:\/\/gatodeyule.com\/wp-content\/uploads\/2026\/03\/elle-fanning-in-givenchy-768x1152.webp 768w, https:\/\/gatodeyule.com\/wp-content\/uploads\/2026\/03\/elle-fanning-in-givenchy-1024x1536.webp 1024w, https:\/\/gatodeyule.com\/wp-content\/uploads\/2026\/03\/elle-fanning-in-givenchy-1365x2048.webp 1365w, https:\/\/gatodeyule.com\/wp-content\/uploads\/2026\/03\/elle-fanning-in-givenchy-8x12.webp 8w\" sizes=\"auto, (max-width: 1600px) 100vw, 1600px\" \/><\/p>\n<p>Elle Fanning luci\u00f3 exactamente como esper\u00e1bamos de ella con un vestido de tul con corpi\u00f1o de <strong>Givenchy<\/strong> bordado con glicinias en punto de sat\u00e9n. Es una f\u00f3rmula conocida, una que todos habr\u00edamos elegido para ella, pero si funciona, \u00bfpara qu\u00e9 cambiarla? Elle est\u00e1 completamente en su salsa, y yo prefiero esto a cualquier propuesta experimental.<\/p>\n<p>&nbsp;<\/p>\n<p><strong>JAYME LAWSON<\/strong><br \/>\n<strong>EN LOEWE<\/strong><\/p>\n<p><img loading=\"lazy\" decoding=\"async\" class=\"alignnone size-full wp-image-1374\" src=\"https:\/\/gatodeyule.com\/wp-content\/uploads\/2026\/03\/jayme-lawson-in-loewe.webp\" alt=\"\" width=\"1080\" height=\"1572\" srcset=\"https:\/\/gatodeyule.com\/wp-content\/uploads\/2026\/03\/jayme-lawson-in-loewe.webp 1080w, https:\/\/gatodeyule.com\/wp-content\/uploads\/2026\/03\/jayme-lawson-in-loewe-206x300.webp 206w, https:\/\/gatodeyule.com\/wp-content\/uploads\/2026\/03\/jayme-lawson-in-loewe-704x1024.webp 704w, https:\/\/gatodeyule.com\/wp-content\/uploads\/2026\/03\/jayme-lawson-in-loewe-768x1118.webp 768w, https:\/\/gatodeyule.com\/wp-content\/uploads\/2026\/03\/jayme-lawson-in-loewe-1055x1536.webp 1055w, https:\/\/gatodeyule.com\/wp-content\/uploads\/2026\/03\/jayme-lawson-in-loewe-8x12.webp 8w\" sizes=\"auto, (max-width: 1080px) 100vw, 1080px\" \/><\/p>\n<p>Jayme Lawson con un vestido de cuello halter de <strong>Loewe<\/strong> hecho a medida, bordado con flecos impresos en <em>3D<\/em> capt\u00f3 inmediatamente la atenci\u00f3n. El movimiento de los flecos superpuestos le da al vestido una textura y una energ\u00eda incre\u00edbles, captando la luz desde todos los \u00e1ngulos. Las joyas de <strong>David Yurman<\/strong> complementaron el <em>look<\/em>.<\/p>\n<p>&nbsp;<\/p>\n<p><strong>BARBIE FERREIRA<\/strong><br \/>\n<strong>EN GAPSTUDIO<\/strong><\/p>\n<p><img loading=\"lazy\" decoding=\"async\" class=\"alignnone size-full wp-image-1277\" src=\"https:\/\/gatodeyule.com\/wp-content\/uploads\/2026\/03\/barbie-ferreira-in-gapstudio.avif\" alt=\"\" width=\"980\" height=\"1470\" srcset=\"https:\/\/gatodeyule.com\/wp-content\/uploads\/2026\/03\/barbie-ferreira-in-gapstudio.avif 980w, https:\/\/gatodeyule.com\/wp-content\/uploads\/2026\/03\/barbie-ferreira-in-gapstudio-200x300.avif 200w, https:\/\/gatodeyule.com\/wp-content\/uploads\/2026\/03\/barbie-ferreira-in-gapstudio-683x1024.avif 683w, https:\/\/gatodeyule.com\/wp-content\/uploads\/2026\/03\/barbie-ferreira-in-gapstudio-768x1152.avif 768w, https:\/\/gatodeyule.com\/wp-content\/uploads\/2026\/03\/barbie-ferreira-in-gapstudio-8x12.avif 8w\" sizes=\"auto, (max-width: 980px) 100vw, 980px\" \/><\/p>\n<p>Barbie Ferreira luci\u00f3 un vestido azul cobalto de <strong>GapStudio by Zac Posen<\/strong>. El vestido presentaba un corpi\u00f1o tipo cors\u00e9 con m\u00e1s de 70 varillas, que daba paso a una espectacular falda de aros que ca\u00eda en cascada por la espalda. La parte delantera de la falda ten\u00eda una tapeta de botones en el centro, que pod\u00eda usarse como adorno en dos columnas definidas.<\/p>\n<p>&nbsp;<\/p>\n<p><strong>EMMA STONE<\/strong><br \/>\n<strong>EN LOUIS VUITTON<\/strong><\/p>\n<p><img loading=\"lazy\" decoding=\"async\" class=\"alignnone size-full wp-image-1338\" src=\"https:\/\/gatodeyule.com\/wp-content\/uploads\/2026\/03\/emma-stone-in-custom-louis-vuitton.webp\" alt=\"\" width=\"1080\" height=\"1501\" srcset=\"https:\/\/gatodeyule.com\/wp-content\/uploads\/2026\/03\/emma-stone-in-custom-louis-vuitton.webp 1080w, https:\/\/gatodeyule.com\/wp-content\/uploads\/2026\/03\/emma-stone-in-custom-louis-vuitton-216x300.webp 216w, https:\/\/gatodeyule.com\/wp-content\/uploads\/2026\/03\/emma-stone-in-custom-louis-vuitton-737x1024.webp 737w, https:\/\/gatodeyule.com\/wp-content\/uploads\/2026\/03\/emma-stone-in-custom-louis-vuitton-768x1067.webp 768w, https:\/\/gatodeyule.com\/wp-content\/uploads\/2026\/03\/emma-stone-in-custom-louis-vuitton-9x12.webp 9w\" sizes=\"auto, (max-width: 1080px) 100vw, 1080px\" \/><\/p>\n<p>Emma Stone ha mantenido una notable coherencia con estos vestidos de l\u00edneas depuradas, y este vestido blanco de corte imperio bordado de <strong>Louis Vuitton<\/strong> contin\u00faa con esa tendencia. La silueta funciona a la perfecci\u00f3n: una suave cintura imperio estiliza la figura, mientras que el delicado bordado evita que el dise\u00f1o resulte plano.<\/p>\n<p>&nbsp;<\/p>\n<p><strong>CHASE INFINITI<\/strong><br \/>\n<strong>EN LOUIS VUITTON<\/strong><\/p>\n<p><img loading=\"lazy\" decoding=\"async\" class=\"alignnone size-full wp-image-1274\" src=\"https:\/\/gatodeyule.com\/wp-content\/uploads\/2026\/03\/chase-infiniti-in-custom-louis-vuitton.webp\" alt=\"\" width=\"1080\" height=\"1378\" srcset=\"https:\/\/gatodeyule.com\/wp-content\/uploads\/2026\/03\/chase-infiniti-in-custom-louis-vuitton.webp 1080w, https:\/\/gatodeyule.com\/wp-content\/uploads\/2026\/03\/chase-infiniti-in-custom-louis-vuitton-235x300.webp 235w, https:\/\/gatodeyule.com\/wp-content\/uploads\/2026\/03\/chase-infiniti-in-custom-louis-vuitton-803x1024.webp 803w, https:\/\/gatodeyule.com\/wp-content\/uploads\/2026\/03\/chase-infiniti-in-custom-louis-vuitton-768x980.webp 768w, https:\/\/gatodeyule.com\/wp-content\/uploads\/2026\/03\/chase-infiniti-in-custom-louis-vuitton-9x12.webp 9w\" sizes=\"auto, (max-width: 1080px) 100vw, 1080px\" \/><\/p>\n<p>Chase Infiniti luci\u00f3 un vestido lavanda de <strong>Louis Vuitton<\/strong> para su primera gala de los Oscar. El vestido de seda estaba rematado con un detalle de volante asim\u00e9trico de varias capas que ca\u00eda elegantemente por el lateral. El colorido dise\u00f1o requiri\u00f3 m\u00e1s de 750 horas de trabajo. Las joyas de De Beers complementaron su <em>look<\/em>.<\/p>\n<p>&nbsp;<\/p>\n<p><strong>AULI&#8217;I CRAVALHO<\/strong><br \/>\n<strong>EN ANTONIO MARRAS<\/strong><\/p>\n<p><img loading=\"lazy\" decoding=\"async\" class=\"alignnone size-full wp-image-1364\" src=\"https:\/\/gatodeyule.com\/wp-content\/uploads\/2026\/03\/aulii-cravalho-in-antonio-marras.webp\" alt=\"\" width=\"1080\" height=\"1572\" srcset=\"https:\/\/gatodeyule.com\/wp-content\/uploads\/2026\/03\/aulii-cravalho-in-antonio-marras.webp 1080w, https:\/\/gatodeyule.com\/wp-content\/uploads\/2026\/03\/aulii-cravalho-in-antonio-marras-206x300.webp 206w, https:\/\/gatodeyule.com\/wp-content\/uploads\/2026\/03\/aulii-cravalho-in-antonio-marras-704x1024.webp 704w, https:\/\/gatodeyule.com\/wp-content\/uploads\/2026\/03\/aulii-cravalho-in-antonio-marras-768x1118.webp 768w, https:\/\/gatodeyule.com\/wp-content\/uploads\/2026\/03\/aulii-cravalho-in-antonio-marras-1055x1536.webp 1055w, https:\/\/gatodeyule.com\/wp-content\/uploads\/2026\/03\/aulii-cravalho-in-antonio-marras-8x12.webp 8w\" sizes=\"auto, (max-width: 1080px) 100vw, 1080px\" \/><\/p>\n<p>Auli&#8217;i Cravalho y los vestidos inspirados en Disney van de la mano, por eso este vestido <em>bustier<\/em> de <strong>Antonio Marras <\/strong>con una et\u00e9rea falda de tul encaja a la perfecci\u00f3n con la imagen de la actriz. El corpi\u00f1o esculpido y los delicados adornos le dan el toque de fantas\u00eda justo para que el look sea digno de la alfombra roja. Las joyas de <strong>Brilliant Earth<\/strong> completaron su atuendo.<\/p>\n<p>&nbsp;<\/p>\n<p><strong>MCKENNA GRACE<\/strong><br \/>\n<strong>EN VERA WANG<\/strong><\/p>\n<p><img loading=\"lazy\" decoding=\"async\" class=\"alignnone size-full wp-image-1287\" src=\"https:\/\/gatodeyule.com\/wp-content\/uploads\/2026\/03\/mckenna-grace-in-vera-wang-scaled.jpg\" alt=\"\" width=\"1707\" height=\"2560\" srcset=\"https:\/\/gatodeyule.com\/wp-content\/uploads\/2026\/03\/mckenna-grace-in-vera-wang-scaled.jpg 1707w, https:\/\/gatodeyule.com\/wp-content\/uploads\/2026\/03\/mckenna-grace-in-vera-wang-200x300.jpg 200w, https:\/\/gatodeyule.com\/wp-content\/uploads\/2026\/03\/mckenna-grace-in-vera-wang-683x1024.jpg 683w, https:\/\/gatodeyule.com\/wp-content\/uploads\/2026\/03\/mckenna-grace-in-vera-wang-768x1152.jpg 768w, https:\/\/gatodeyule.com\/wp-content\/uploads\/2026\/03\/mckenna-grace-in-vera-wang-1024x1536.jpg 1024w, https:\/\/gatodeyule.com\/wp-content\/uploads\/2026\/03\/mckenna-grace-in-vera-wang-1366x2048.jpg 1366w, https:\/\/gatodeyule.com\/wp-content\/uploads\/2026\/03\/mckenna-grace-in-vera-wang-8x12.jpg 8w\" sizes=\"auto, (max-width: 1707px) 100vw, 1707px\" \/><\/p>\n<p>Mckenna Grace luci\u00f3 un vestido de gala de sat\u00e9n de <strong>Vera Wang<\/strong> hecho a medida, con cintura tipo cors\u00e9: una silueta digna de un <em>Oscar<\/em>, se mire por donde se mire. Las joyas de <strong>Smiling Rocks<\/strong> y un recogido sencillo completaron el <em>look<\/em>, dejando que el vestido, y la nostalgia que evocaba, fueran los protagonistas.<\/p>\n<p>&nbsp;<\/p>\n<p><strong>RENATE REINSVE<\/strong><br \/>\n<strong>EN LOUIS VUITTON<\/strong><\/p>\n<p><img loading=\"lazy\" decoding=\"async\" class=\"alignnone size-full wp-image-1279\" src=\"https:\/\/gatodeyule.com\/wp-content\/uploads\/2026\/03\/renate-reinsve-in-custom-louis-vuitton.webp\" alt=\"\" width=\"1080\" height=\"1619\" srcset=\"https:\/\/gatodeyule.com\/wp-content\/uploads\/2026\/03\/renate-reinsve-in-custom-louis-vuitton.webp 1080w, https:\/\/gatodeyule.com\/wp-content\/uploads\/2026\/03\/renate-reinsve-in-custom-louis-vuitton-200x300.webp 200w, https:\/\/gatodeyule.com\/wp-content\/uploads\/2026\/03\/renate-reinsve-in-custom-louis-vuitton-683x1024.webp 683w, https:\/\/gatodeyule.com\/wp-content\/uploads\/2026\/03\/renate-reinsve-in-custom-louis-vuitton-768x1151.webp 768w, https:\/\/gatodeyule.com\/wp-content\/uploads\/2026\/03\/renate-reinsve-in-custom-louis-vuitton-1025x1536.webp 1025w, https:\/\/gatodeyule.com\/wp-content\/uploads\/2026\/03\/renate-reinsve-in-custom-louis-vuitton-8x12.webp 8w\" sizes=\"auto, (max-width: 1080px) 100vw, 1080px\" \/><\/p>\n<p>Renate Reinsve luci\u00f3 un <em>look<\/em> impactante, y sorprendentemente sobrio, de <strong>Louis Vuitton<\/strong> con un vestido rojo palabra de honor de corte recto y sandalias rojas a juego. Louis Vuitton no es una firma que solemos asociar con este nivel de minimalismo, y precisamente por eso este <em>look<\/em> destac\u00f3.<\/p>\n<p>&nbsp;<\/p>\n<p><strong>FELICITY JONES<\/strong><br \/>\n<strong>EN PRADA<\/strong><\/p>\n<p><img loading=\"lazy\" decoding=\"async\" class=\"alignnone size-full wp-image-1285\" src=\"https:\/\/gatodeyule.com\/wp-content\/uploads\/2026\/03\/felicity-jones-in-custom-prada.jpg\" alt=\"\" width=\"1280\" height=\"1919\" srcset=\"https:\/\/gatodeyule.com\/wp-content\/uploads\/2026\/03\/felicity-jones-in-custom-prada.jpg 1280w, https:\/\/gatodeyule.com\/wp-content\/uploads\/2026\/03\/felicity-jones-in-custom-prada-200x300.jpg 200w, https:\/\/gatodeyule.com\/wp-content\/uploads\/2026\/03\/felicity-jones-in-custom-prada-683x1024.jpg 683w, https:\/\/gatodeyule.com\/wp-content\/uploads\/2026\/03\/felicity-jones-in-custom-prada-768x1151.jpg 768w, https:\/\/gatodeyule.com\/wp-content\/uploads\/2026\/03\/felicity-jones-in-custom-prada-1025x1536.jpg 1025w, https:\/\/gatodeyule.com\/wp-content\/uploads\/2026\/03\/felicity-jones-in-custom-prada-8x12.jpg 8w\" sizes=\"auto, (max-width: 1280px) 100vw, 1280px\" \/><\/p>\n<p>Felicity Jones luci\u00f3 un vestido <strong>Prada<\/strong> amarillo p\u00e1lido que evoca instant\u00e1neamente la est\u00e9tica de los a\u00f1os <em>60<\/em>, gracias a su escote barco y su silueta de corte recto. Las joyas de <strong>Fred Leighton<\/strong> de la d\u00e9cada de 1920 fueron el toque final perfecto para un vestido que se inspira en el estilo retro.<\/p>\n<p>&nbsp;<\/p>\n<p><strong>ZOE SALDA\u00d1A<\/strong><br \/>\n<strong>EN SAINT LAURENT<\/strong><\/p>\n<p><img loading=\"lazy\" decoding=\"async\" class=\"alignnone size-full wp-image-1316\" src=\"https:\/\/gatodeyule.com\/wp-content\/uploads\/2026\/03\/zoe-saldana-in-saint-laurent.webp\" alt=\"\" width=\"1080\" height=\"1558\" srcset=\"https:\/\/gatodeyule.com\/wp-content\/uploads\/2026\/03\/zoe-saldana-in-saint-laurent.webp 1080w, https:\/\/gatodeyule.com\/wp-content\/uploads\/2026\/03\/zoe-saldana-in-saint-laurent-208x300.webp 208w, https:\/\/gatodeyule.com\/wp-content\/uploads\/2026\/03\/zoe-saldana-in-saint-laurent-710x1024.webp 710w, https:\/\/gatodeyule.com\/wp-content\/uploads\/2026\/03\/zoe-saldana-in-saint-laurent-768x1108.webp 768w, https:\/\/gatodeyule.com\/wp-content\/uploads\/2026\/03\/zoe-saldana-in-saint-laurent-1065x1536.webp 1065w, https:\/\/gatodeyule.com\/wp-content\/uploads\/2026\/03\/zoe-saldana-in-saint-laurent-8x12.webp 8w\" sizes=\"auto, (max-width: 1080px) 100vw, 1080px\" \/><\/p>\n<p>Zoe Salda\u00f1a ha lucido un vestido de inspiraci\u00f3n lencera de <strong>Saint Laurent<\/strong>. El corpi\u00f1o de encaje le da un toque especial a lo que de otro modo ser\u00eda una elegante silueta de columna, y el vestido tiene un corte precioso. Le sienta de maravilla, y ese collar de <strong>Cartier<\/strong> es sencillamente espectacular.<\/p>\n<p>&nbsp;<\/p>\n<p><strong>GWYNETH PALTROW<\/strong><br \/>\n<strong>EN ARMANI PRIV\u00c9<\/strong><\/p>\n<p><img loading=\"lazy\" decoding=\"async\" class=\"alignnone size-full wp-image-1366\" src=\"https:\/\/gatodeyule.com\/wp-content\/uploads\/2026\/03\/gwyneth-paltrow-in-armani-prive.webp\" alt=\"\" width=\"1600\" height=\"2401\" srcset=\"https:\/\/gatodeyule.com\/wp-content\/uploads\/2026\/03\/gwyneth-paltrow-in-armani-prive.webp 1600w, https:\/\/gatodeyule.com\/wp-content\/uploads\/2026\/03\/gwyneth-paltrow-in-armani-prive-200x300.webp 200w, https:\/\/gatodeyule.com\/wp-content\/uploads\/2026\/03\/gwyneth-paltrow-in-armani-prive-682x1024.webp 682w, https:\/\/gatodeyule.com\/wp-content\/uploads\/2026\/03\/gwyneth-paltrow-in-armani-prive-768x1152.webp 768w, https:\/\/gatodeyule.com\/wp-content\/uploads\/2026\/03\/gwyneth-paltrow-in-armani-prive-1024x1536.webp 1024w, https:\/\/gatodeyule.com\/wp-content\/uploads\/2026\/03\/gwyneth-paltrow-in-armani-prive-1365x2048.webp 1365w, https:\/\/gatodeyule.com\/wp-content\/uploads\/2026\/03\/gwyneth-paltrow-in-armani-prive-8x12.webp 8w\" sizes=\"auto, (max-width: 1600px) 100vw, 1600px\" \/><\/p>\n<p>Gwyneth Paltrow ha llevado este vestido palabra de honor de seda color marfil de <strong>Armani Priv\u00e9<\/strong>, hecho a medida. El vestido presenta llamativos cortes laterales que dejan ver unos pantalones de tul color carne, confeccionados con tal precisi\u00f3n que, de perfil, casi parece que no lleva nada debajo.<\/p>\n<p>&nbsp;<\/p>\n<p><strong>ROSE BYRNE<\/strong><br \/>\n<strong>EN DIOR<\/strong><\/p>\n<p><img loading=\"lazy\" decoding=\"async\" class=\"alignnone size-full wp-image-1286\" src=\"https:\/\/gatodeyule.com\/wp-content\/uploads\/2026\/03\/rose-byrne-in-dior.webp\" alt=\"\" width=\"1080\" height=\"1377\" srcset=\"https:\/\/gatodeyule.com\/wp-content\/uploads\/2026\/03\/rose-byrne-in-dior.webp 1080w, https:\/\/gatodeyule.com\/wp-content\/uploads\/2026\/03\/rose-byrne-in-dior-235x300.webp 235w, https:\/\/gatodeyule.com\/wp-content\/uploads\/2026\/03\/rose-byrne-in-dior-803x1024.webp 803w, https:\/\/gatodeyule.com\/wp-content\/uploads\/2026\/03\/rose-byrne-in-dior-768x979.webp 768w, https:\/\/gatodeyule.com\/wp-content\/uploads\/2026\/03\/rose-byrne-in-dior-9x12.webp 9w\" sizes=\"auto, (max-width: 1080px) 100vw, 1080px\" \/><\/p>\n<p>Rose Byrne luci\u00f3 un vestido negro sin tirantes bordado con delicadas flores de <strong>Dior<\/strong>. El bordado tiene el detalle suficiente para realzar el <em>look<\/em>, dejando que el escote limpio y la silueta definida hagan el resto. El collar y los pendientes de diamantes de <strong>TAFFIN<\/strong> completaron su atuendo.<\/p>\n<p>&nbsp;<\/p>\n<p><strong>REGINA HALL<\/strong><br \/>\n<strong>EN YARA SHOEMAKER<\/strong><\/p>\n<p><img loading=\"lazy\" decoding=\"async\" class=\"alignnone size-full wp-image-1365\" src=\"https:\/\/gatodeyule.com\/wp-content\/uploads\/2026\/03\/GettyImages-2266702402-2449e3af0c3c4045880a305db9b0de2a.jpg\" alt=\"\" width=\"1500\" height=\"2250\" srcset=\"https:\/\/gatodeyule.com\/wp-content\/uploads\/2026\/03\/GettyImages-2266702402-2449e3af0c3c4045880a305db9b0de2a.jpg 1500w, https:\/\/gatodeyule.com\/wp-content\/uploads\/2026\/03\/GettyImages-2266702402-2449e3af0c3c4045880a305db9b0de2a-200x300.jpg 200w, https:\/\/gatodeyule.com\/wp-content\/uploads\/2026\/03\/GettyImages-2266702402-2449e3af0c3c4045880a305db9b0de2a-683x1024.jpg 683w, https:\/\/gatodeyule.com\/wp-content\/uploads\/2026\/03\/GettyImages-2266702402-2449e3af0c3c4045880a305db9b0de2a-768x1152.jpg 768w, https:\/\/gatodeyule.com\/wp-content\/uploads\/2026\/03\/GettyImages-2266702402-2449e3af0c3c4045880a305db9b0de2a-1024x1536.jpg 1024w, https:\/\/gatodeyule.com\/wp-content\/uploads\/2026\/03\/GettyImages-2266702402-2449e3af0c3c4045880a305db9b0de2a-1365x2048.jpg 1365w, https:\/\/gatodeyule.com\/wp-content\/uploads\/2026\/03\/GettyImages-2266702402-2449e3af0c3c4045880a305db9b0de2a-8x12.jpg 8w\" sizes=\"auto, (max-width: 1500px) 100vw, 1500px\" \/><\/p>\n<p>Regina Hall luci\u00f3 un vestido de <strong>Yara Shoemaker<\/strong>, combinado con un bolso de mano dorado a juego de <strong>Tyler Ellis<\/strong> y joyas de <strong>Pomellato<\/strong>. El espectacular escote de hombros descubiertos, junto con el panel dorado estructurado en la cintura, le da al conjunto un toque escultural.<\/p>\n<p>&nbsp;<\/p>\n<p><strong>AVA DUVERNAY<\/strong><br \/>\n<strong>EN LOUIS VUITTON<\/strong><\/p>\n<p><img loading=\"lazy\" decoding=\"async\" class=\"alignnone size-full wp-image-1372\" src=\"https:\/\/gatodeyule.com\/wp-content\/uploads\/2026\/03\/Ava-DuVernay-in-louis-vuitton.webp\" alt=\"\" width=\"1024\" height=\"1338\" srcset=\"https:\/\/gatodeyule.com\/wp-content\/uploads\/2026\/03\/Ava-DuVernay-in-louis-vuitton.webp 1024w, https:\/\/gatodeyule.com\/wp-content\/uploads\/2026\/03\/Ava-DuVernay-in-louis-vuitton-230x300.webp 230w, https:\/\/gatodeyule.com\/wp-content\/uploads\/2026\/03\/Ava-DuVernay-in-louis-vuitton-784x1024.webp 784w, https:\/\/gatodeyule.com\/wp-content\/uploads\/2026\/03\/Ava-DuVernay-in-louis-vuitton-768x1004.webp 768w, https:\/\/gatodeyule.com\/wp-content\/uploads\/2026\/03\/Ava-DuVernay-in-louis-vuitton-9x12.webp 9w\" sizes=\"auto, (max-width: 1024px) 100vw, 1024px\" \/><\/p>\n<p>Ava DuVernay ha llevado un elegante vestido azul marino de <strong>Louis Vuitton<\/strong>. Las mangas que dejan los hombros al descubierto crean un volumen arquitect\u00f3nico impactante en esa zona, mientras que el resto del vestido mantiene una silueta elegante y estructurada.<\/p>\n<p>&nbsp;<\/p>\n<p><strong>TEYANA TAYLOR<\/strong><br \/>\n<strong>EN CHANEL<\/strong><\/p>\n<p><img loading=\"lazy\" decoding=\"async\" class=\"alignnone size-full wp-image-1356\" src=\"https:\/\/gatodeyule.com\/wp-content\/uploads\/2026\/03\/teyana-taylor-in-chanel.webp\" alt=\"\" width=\"1333\" height=\"2000\" srcset=\"https:\/\/gatodeyule.com\/wp-content\/uploads\/2026\/03\/teyana-taylor-in-chanel.webp 1333w, https:\/\/gatodeyule.com\/wp-content\/uploads\/2026\/03\/teyana-taylor-in-chanel-200x300.webp 200w, https:\/\/gatodeyule.com\/wp-content\/uploads\/2026\/03\/teyana-taylor-in-chanel-682x1024.webp 682w, https:\/\/gatodeyule.com\/wp-content\/uploads\/2026\/03\/teyana-taylor-in-chanel-768x1152.webp 768w, https:\/\/gatodeyule.com\/wp-content\/uploads\/2026\/03\/teyana-taylor-in-chanel-1024x1536.webp 1024w, https:\/\/gatodeyule.com\/wp-content\/uploads\/2026\/03\/teyana-taylor-in-chanel-8x12.webp 8w\" sizes=\"auto, (max-width: 1333px) 100vw, 1333px\" \/><\/p>\n<p>Teyana Taylor luci\u00f3 un vestido de <strong>Chanel<\/strong> hecho a medida, completamente bordado con perlas y cristales, y adornado con plumas blancas y negras. Complementado con joyas de<strong> Tiffany &amp; Co.<\/strong>, el look derroch\u00f3 el glamour y la presencia que busc\u00e1bamos en esta alfombra roja.<\/p>\n<p>&nbsp;<\/p>\n<p><strong>INGA IBSDOTTER LILLEAAS<\/strong><br \/>\n<strong>EN LOEWE<\/strong><\/p>\n<p><img loading=\"lazy\" decoding=\"async\" class=\"alignnone size-full wp-image-1375\" src=\"https:\/\/gatodeyule.com\/wp-content\/uploads\/2026\/03\/Inga-Ibsdotter-Lilleaas-in-loewe.webp\" alt=\"\" width=\"970\" height=\"1454\" srcset=\"https:\/\/gatodeyule.com\/wp-content\/uploads\/2026\/03\/Inga-Ibsdotter-Lilleaas-in-loewe.webp 970w, https:\/\/gatodeyule.com\/wp-content\/uploads\/2026\/03\/Inga-Ibsdotter-Lilleaas-in-loewe-200x300.webp 200w, https:\/\/gatodeyule.com\/wp-content\/uploads\/2026\/03\/Inga-Ibsdotter-Lilleaas-in-loewe-683x1024.webp 683w, https:\/\/gatodeyule.com\/wp-content\/uploads\/2026\/03\/Inga-Ibsdotter-Lilleaas-in-loewe-768x1151.webp 768w, https:\/\/gatodeyule.com\/wp-content\/uploads\/2026\/03\/Inga-Ibsdotter-Lilleaas-in-loewe-8x12.webp 8w\" sizes=\"auto, (max-width: 970px) 100vw, 970px\" \/><\/p>\n<p>Inga Ibsdotter Lilleaas se ha mantenido fiel a su estilo elegante y discreto con este vestido columna de <strong>Loewe<\/strong> con corpi\u00f1o drapeado y estructurado. El dise\u00f1o resulta refinado y deliberado, permitiendo que la silueta depurada y el elegante drapeado hablen por s\u00ed solos.<\/p>\n<p>&nbsp;<\/p>\n<p><strong>ALICIA SILVERSTONE<\/strong><br \/>\n<strong>EN CHRISTIAN SIRIANO<\/strong><\/p>\n<p><img loading=\"lazy\" decoding=\"async\" class=\"alignnone size-full wp-image-1269\" src=\"https:\/\/gatodeyule.com\/wp-content\/uploads\/2026\/03\/alicia-silverstone-in-christian-siriano.jpg\" alt=\"\" width=\"1366\" height=\"2048\" srcset=\"https:\/\/gatodeyule.com\/wp-content\/uploads\/2026\/03\/alicia-silverstone-in-christian-siriano.jpg 1366w, https:\/\/gatodeyule.com\/wp-content\/uploads\/2026\/03\/alicia-silverstone-in-christian-siriano-200x300.jpg 200w, https:\/\/gatodeyule.com\/wp-content\/uploads\/2026\/03\/alicia-silverstone-in-christian-siriano-683x1024.jpg 683w, https:\/\/gatodeyule.com\/wp-content\/uploads\/2026\/03\/alicia-silverstone-in-christian-siriano-768x1151.jpg 768w, https:\/\/gatodeyule.com\/wp-content\/uploads\/2026\/03\/alicia-silverstone-in-christian-siriano-1025x1536.jpg 1025w, https:\/\/gatodeyule.com\/wp-content\/uploads\/2026\/03\/alicia-silverstone-in-christian-siriano-8x12.jpg 8w\" sizes=\"auto, (max-width: 1366px) 100vw, 1366px\" \/><\/p>\n<p>Alicia Silverstone deslumbr\u00f3 con el glamour del<em> Old Hollywood<\/em>. El <em>look<\/em> bicolor inclu\u00eda un corpi\u00f1o negro con escote pronunciado \u2014completo con guantes de terciopelo a juego\u2014 y una falda blanca drapeada. Complement\u00f3 su atuendo con joyas de oro y diamantes.<\/p>\n<p>&nbsp;<\/p>\n<p><strong>GRACIE ABRAMS<\/strong><br \/>\n<strong>EN CHANEL<\/strong><\/p>\n<p><img loading=\"lazy\" decoding=\"async\" class=\"alignnone size-full wp-image-1361\" src=\"https:\/\/gatodeyule.com\/wp-content\/uploads\/2026\/03\/gracie-abrams-in-chanen.webp\" alt=\"\" width=\"1600\" height=\"2399\" srcset=\"https:\/\/gatodeyule.com\/wp-content\/uploads\/2026\/03\/gracie-abrams-in-chanen.webp 1600w, https:\/\/gatodeyule.com\/wp-content\/uploads\/2026\/03\/gracie-abrams-in-chanen-200x300.webp 200w, https:\/\/gatodeyule.com\/wp-content\/uploads\/2026\/03\/gracie-abrams-in-chanen-683x1024.webp 683w, https:\/\/gatodeyule.com\/wp-content\/uploads\/2026\/03\/gracie-abrams-in-chanen-768x1152.webp 768w, https:\/\/gatodeyule.com\/wp-content\/uploads\/2026\/03\/gracie-abrams-in-chanen-1024x1536.webp 1024w, https:\/\/gatodeyule.com\/wp-content\/uploads\/2026\/03\/gracie-abrams-in-chanen-1366x2048.webp 1366w, https:\/\/gatodeyule.com\/wp-content\/uploads\/2026\/03\/gracie-abrams-in-chanen-8x12.webp 8w\" sizes=\"auto, (max-width: 1600px) 100vw, 1600px\" \/><\/p>\n<p>Gracie Abrams luci\u00f3 un conjunto azul marino de <strong>Chanel<\/strong> bordado con lentejuelas azules y negras dispuestas en forma floral. El <em>top<\/em> corto y la falda le dan un aire juvenil, mientras que la bufanda de gasa azul marino a\u00f1ade un toque de glamour del <em>Old Hollywood<\/em>.<\/p>\n<p>&nbsp;<\/p>\n<p><strong>MIKEY MADISON<\/strong><br \/>\n<strong>EN DIOR<\/strong><\/p>\n<p><img loading=\"lazy\" decoding=\"async\" class=\"alignnone size-full wp-image-1369\" src=\"https:\/\/gatodeyule.com\/wp-content\/uploads\/2026\/03\/mikey-madison-in-dior.webp\" alt=\"\" width=\"1600\" height=\"2400\" srcset=\"https:\/\/gatodeyule.com\/wp-content\/uploads\/2026\/03\/mikey-madison-in-dior.webp 1600w, https:\/\/gatodeyule.com\/wp-content\/uploads\/2026\/03\/mikey-madison-in-dior-200x300.webp 200w, https:\/\/gatodeyule.com\/wp-content\/uploads\/2026\/03\/mikey-madison-in-dior-683x1024.webp 683w, https:\/\/gatodeyule.com\/wp-content\/uploads\/2026\/03\/mikey-madison-in-dior-768x1152.webp 768w, https:\/\/gatodeyule.com\/wp-content\/uploads\/2026\/03\/mikey-madison-in-dior-1024x1536.webp 1024w, https:\/\/gatodeyule.com\/wp-content\/uploads\/2026\/03\/mikey-madison-in-dior-1365x2048.webp 1365w, https:\/\/gatodeyule.com\/wp-content\/uploads\/2026\/03\/mikey-madison-in-dior-8x12.webp 8w\" sizes=\"auto, (max-width: 1600px) 100vw, 1600px\" \/><\/p>\n<p>Como nueva embajadora de <strong>Dior<\/strong>, Mikey Madison ha lucido un vestido rojo palabra de honor de terciopelo bordado con flores, que transmite justo la energ\u00eda que esperaba ver en su \u00faltima temporada de premios. Las joyas de <strong>Tiffany &amp; Co.<\/strong> completaron su atuendo.<\/p>\n<p>&nbsp;<\/p>\n<p><strong>ANNE HATHAWAY<\/strong><br \/>\n<strong>EN VALENTINO<\/strong><\/p>\n<p><img loading=\"lazy\" decoding=\"async\" class=\"alignnone size-full wp-image-1367\" src=\"https:\/\/gatodeyule.com\/wp-content\/uploads\/2026\/03\/anne-hathaway-in-valentino.webp\" alt=\"\" width=\"1600\" height=\"2398\" srcset=\"https:\/\/gatodeyule.com\/wp-content\/uploads\/2026\/03\/anne-hathaway-in-valentino.webp 1600w, https:\/\/gatodeyule.com\/wp-content\/uploads\/2026\/03\/anne-hathaway-in-valentino-200x300.webp 200w, https:\/\/gatodeyule.com\/wp-content\/uploads\/2026\/03\/anne-hathaway-in-valentino-683x1024.webp 683w, https:\/\/gatodeyule.com\/wp-content\/uploads\/2026\/03\/anne-hathaway-in-valentino-768x1151.webp 768w, https:\/\/gatodeyule.com\/wp-content\/uploads\/2026\/03\/anne-hathaway-in-valentino-1025x1536.webp 1025w, https:\/\/gatodeyule.com\/wp-content\/uploads\/2026\/03\/anne-hathaway-in-valentino-1366x2048.webp 1366w, https:\/\/gatodeyule.com\/wp-content\/uploads\/2026\/03\/anne-hathaway-in-valentino-8x12.webp 8w\" sizes=\"auto, (max-width: 1600px) 100vw, 1600px\" \/><\/p>\n<p>Anne Hathaway ha optado por un vestido palabra de honor\u00a0 floral de <strong>Valentino<\/strong> con guantes a juego. El estilo general ten\u00eda una marcada est\u00e9tica retro, realzada por el estilismo: guantes de \u00f3pera, un peinado elegante y recogido, y llamativas joyas de <strong>Bvlgari<\/strong>.<\/p>\n<p>&nbsp;<\/p>\n<p><strong>HEIDI KLUM<\/strong><br \/>\n<strong>EN CHROME HEART<\/strong><\/p>\n<p><img loading=\"lazy\" decoding=\"async\" class=\"alignnone size-full wp-image-1289\" src=\"https:\/\/gatodeyule.com\/wp-content\/uploads\/2026\/03\/heidi-klum-in-chrome-hearts.webp\" alt=\"\" width=\"1080\" height=\"1512\" srcset=\"https:\/\/gatodeyule.com\/wp-content\/uploads\/2026\/03\/heidi-klum-in-chrome-hearts.webp 1080w, https:\/\/gatodeyule.com\/wp-content\/uploads\/2026\/03\/heidi-klum-in-chrome-hearts-214x300.webp 214w, https:\/\/gatodeyule.com\/wp-content\/uploads\/2026\/03\/heidi-klum-in-chrome-hearts-731x1024.webp 731w, https:\/\/gatodeyule.com\/wp-content\/uploads\/2026\/03\/heidi-klum-in-chrome-hearts-768x1075.webp 768w, https:\/\/gatodeyule.com\/wp-content\/uploads\/2026\/03\/heidi-klum-in-chrome-hearts-9x12.webp 9w\" sizes=\"auto, (max-width: 1080px) 100vw, 1080px\" \/><\/p>\n<p>Heidi Klum deslumbr\u00f3 con un vestido palabra de honor de <strong>Chrome Hearts<\/strong> cubierto de intrincadas perlas. Tambi\u00e9n luci\u00f3 tacones color <em>nude<\/em> de <strong>Paris Texas<\/strong>, y entre sus joyas se encontraban collares de perlas, un colgante de cruz y varios anillos.<\/p>\n<p>&nbsp;<\/p>\n<p><strong>KIRSTEN DUNST<\/strong><br \/>\n<strong>EN C\u00c9LINE<\/strong><\/p>\n<p><img loading=\"lazy\" decoding=\"async\" class=\"alignnone size-full wp-image-1362\" src=\"https:\/\/gatodeyule.com\/wp-content\/uploads\/2026\/03\/kirsten-dunst-in-celine-scaled.jpeg\" alt=\"\" width=\"1707\" height=\"2560\" srcset=\"https:\/\/gatodeyule.com\/wp-content\/uploads\/2026\/03\/kirsten-dunst-in-celine-scaled.jpeg 1707w, https:\/\/gatodeyule.com\/wp-content\/uploads\/2026\/03\/kirsten-dunst-in-celine-200x300.jpeg 200w, https:\/\/gatodeyule.com\/wp-content\/uploads\/2026\/03\/kirsten-dunst-in-celine-683x1024.jpeg 683w, https:\/\/gatodeyule.com\/wp-content\/uploads\/2026\/03\/kirsten-dunst-in-celine-768x1152.jpeg 768w, https:\/\/gatodeyule.com\/wp-content\/uploads\/2026\/03\/kirsten-dunst-in-celine-1024x1536.jpeg 1024w, https:\/\/gatodeyule.com\/wp-content\/uploads\/2026\/03\/kirsten-dunst-in-celine-1366x2048.jpeg 1366w, https:\/\/gatodeyule.com\/wp-content\/uploads\/2026\/03\/kirsten-dunst-in-celine-8x12.jpeg 8w\" sizes=\"auto, (max-width: 1707px) 100vw, 1707px\" \/><\/p>\n<p>Kirsten Dunst comenz\u00f3 la temporada de premios con fuerza, pero hacia el final opt\u00f3 por looks m\u00e1s sobrios, como vimos de nuevo en este vestido palabra de honor de <strong>C\u00e9line<\/strong>. Las joyas de <strong>Fred Leighton<\/strong> completaron su atuendo.<\/p>\n<p>&nbsp;<\/p>\n<p><strong>LI JUN LI\u00a0(\u674e\u9e97\u541b)<\/strong><br \/>\n<strong>EN GAURAV GUPTA<\/strong><\/p>\n<p><img loading=\"lazy\" decoding=\"async\" class=\"alignnone size-full wp-image-1272\" src=\"https:\/\/gatodeyule.com\/wp-content\/uploads\/2026\/03\/li-jun-li-in-gaurav-gupta.webp\" alt=\"\" width=\"1080\" height=\"1420\" srcset=\"https:\/\/gatodeyule.com\/wp-content\/uploads\/2026\/03\/li-jun-li-in-gaurav-gupta.webp 1080w, https:\/\/gatodeyule.com\/wp-content\/uploads\/2026\/03\/li-jun-li-in-gaurav-gupta-228x300.webp 228w, https:\/\/gatodeyule.com\/wp-content\/uploads\/2026\/03\/li-jun-li-in-gaurav-gupta-779x1024.webp 779w, https:\/\/gatodeyule.com\/wp-content\/uploads\/2026\/03\/li-jun-li-in-gaurav-gupta-768x1010.webp 768w, https:\/\/gatodeyule.com\/wp-content\/uploads\/2026\/03\/li-jun-li-in-gaurav-gupta-9x12.webp 9w\" sizes=\"auto, (max-width: 1080px) 100vw, 1080px\" \/><\/p>\n<p>Li Jun Li opt\u00f3 por la belleza escultural con un vestido rojo con cors\u00e9 esculpido de <strong>Gaurav Gupta <em>Couture<\/em><\/strong> con un drapeado arquitect\u00f3nico fluido, combinado con una falda de sat\u00e9n con abertura alta y detalles de cordones.<\/p>\n<p>&nbsp;<\/p>\n<p><strong>MARSAI MARTIN<\/strong><br \/>\n<strong>EN CHRISTIAN SIRIANO<\/strong><\/p>\n<p><img loading=\"lazy\" decoding=\"async\" class=\"alignnone size-full wp-image-1317\" src=\"https:\/\/gatodeyule.com\/wp-content\/uploads\/2026\/03\/marsai-martin-in-christian-siriano.webp\" alt=\"\" width=\"1080\" height=\"1554\" srcset=\"https:\/\/gatodeyule.com\/wp-content\/uploads\/2026\/03\/marsai-martin-in-christian-siriano.webp 1080w, https:\/\/gatodeyule.com\/wp-content\/uploads\/2026\/03\/marsai-martin-in-christian-siriano-208x300.webp 208w, https:\/\/gatodeyule.com\/wp-content\/uploads\/2026\/03\/marsai-martin-in-christian-siriano-712x1024.webp 712w, https:\/\/gatodeyule.com\/wp-content\/uploads\/2026\/03\/marsai-martin-in-christian-siriano-768x1105.webp 768w, https:\/\/gatodeyule.com\/wp-content\/uploads\/2026\/03\/marsai-martin-in-christian-siriano-1067x1536.webp 1067w, https:\/\/gatodeyule.com\/wp-content\/uploads\/2026\/03\/marsai-martin-in-christian-siriano-8x12.webp 8w\" sizes=\"auto, (max-width: 1080px) 100vw, 1080px\" \/><\/p>\n<p>Marsai Martin ha lucido un vestido marr\u00f3n chocolate de <strong>Christian Siriano<\/strong>. El color intenso, la silueta esculpida y la fluidez de la ca\u00edda se combinan a la perfecci\u00f3n, mientras que la gargantilla de <strong>Messika<\/strong> le aporta un toque elegante y moderno.<\/p>\n<p>&nbsp;<\/p>\n<p><strong>KRISTEN WIIG<\/strong><br \/>\n<strong>EN ELIE SAAB<\/strong><\/p>\n<p><img loading=\"lazy\" decoding=\"async\" class=\"alignnone size-full wp-image-1329\" src=\"https:\/\/gatodeyule.com\/wp-content\/uploads\/2026\/03\/krinsten-wiig-in-elie-saab.jpeg\" alt=\"\" width=\"1384\" height=\"2048\" srcset=\"https:\/\/gatodeyule.com\/wp-content\/uploads\/2026\/03\/krinsten-wiig-in-elie-saab.jpeg 1384w, https:\/\/gatodeyule.com\/wp-content\/uploads\/2026\/03\/krinsten-wiig-in-elie-saab-203x300.jpeg 203w, https:\/\/gatodeyule.com\/wp-content\/uploads\/2026\/03\/krinsten-wiig-in-elie-saab-692x1024.jpeg 692w, https:\/\/gatodeyule.com\/wp-content\/uploads\/2026\/03\/krinsten-wiig-in-elie-saab-768x1136.jpeg 768w, https:\/\/gatodeyule.com\/wp-content\/uploads\/2026\/03\/krinsten-wiig-in-elie-saab-1038x1536.jpeg 1038w, https:\/\/gatodeyule.com\/wp-content\/uploads\/2026\/03\/krinsten-wiig-in-elie-saab-8x12.jpeg 8w\" sizes=\"auto, (max-width: 1384px) 100vw, 1384px\" \/><\/p>\n<p>Kristen Wiig sorprendi\u00f3 con un vestido de <strong>Elie Saab<\/strong>. El corpi\u00f1o drapeado con cuentas que cae en esa falda voluminosa crea el dramatismo que exigen los <em>Oscar<\/em>, y el collar de <strong>Boucheron<\/strong> le da el toque final perfecto.<\/p>\n<p>&nbsp;<\/p>\n<p><strong>JI-YOUNG YOO (\u110b\u1172\u110c\u1175\u110b\u1167\u11bc)<\/strong><br \/>\n<strong>EN CAROLINA HERRERA<\/strong><\/p>\n<p><img loading=\"lazy\" decoding=\"async\" class=\"alignnone size-full wp-image-1271\" src=\"https:\/\/gatodeyule.com\/wp-content\/uploads\/2026\/03\/ji-young-yoo-in-carolina-herrera.webp\" alt=\"\" width=\"1080\" height=\"1619\" srcset=\"https:\/\/gatodeyule.com\/wp-content\/uploads\/2026\/03\/ji-young-yoo-in-carolina-herrera.webp 1080w, https:\/\/gatodeyule.com\/wp-content\/uploads\/2026\/03\/ji-young-yoo-in-carolina-herrera-200x300.webp 200w, https:\/\/gatodeyule.com\/wp-content\/uploads\/2026\/03\/ji-young-yoo-in-carolina-herrera-683x1024.webp 683w, https:\/\/gatodeyule.com\/wp-content\/uploads\/2026\/03\/ji-young-yoo-in-carolina-herrera-768x1151.webp 768w, https:\/\/gatodeyule.com\/wp-content\/uploads\/2026\/03\/ji-young-yoo-in-carolina-herrera-1025x1536.webp 1025w, https:\/\/gatodeyule.com\/wp-content\/uploads\/2026\/03\/ji-young-yoo-in-carolina-herrera-8x12.webp 8w\" sizes=\"auto, (max-width: 1080px) 100vw, 1080px\" \/><\/p>\n<p>Ji-Young Yoo se ha destacado por un vestido palabra de honor de <strong>Carolina Herrera <em>Pre-Oto\u00f1o 2025<\/em><\/strong> con detalle de lazada. Para los amantes de los vestidos cl\u00e1sicos y femeninos, este es todo un acierto.<\/p>\n<p>&nbsp;<\/p>\n<p><strong>MISTY COPELAND<\/strong><br \/>\n<strong>EN DAVID KOMA<\/strong><\/p>\n<p><img loading=\"lazy\" decoding=\"async\" class=\"alignnone size-full wp-image-1275\" src=\"https:\/\/gatodeyule.com\/wp-content\/uploads\/2026\/03\/misty-copeland-in-david-koma.jpg\" alt=\"\" width=\"1500\" height=\"2250\" srcset=\"https:\/\/gatodeyule.com\/wp-content\/uploads\/2026\/03\/misty-copeland-in-david-koma.jpg 1500w, https:\/\/gatodeyule.com\/wp-content\/uploads\/2026\/03\/misty-copeland-in-david-koma-200x300.jpg 200w, https:\/\/gatodeyule.com\/wp-content\/uploads\/2026\/03\/misty-copeland-in-david-koma-683x1024.jpg 683w, https:\/\/gatodeyule.com\/wp-content\/uploads\/2026\/03\/misty-copeland-in-david-koma-768x1152.jpg 768w, https:\/\/gatodeyule.com\/wp-content\/uploads\/2026\/03\/misty-copeland-in-david-koma-1024x1536.jpg 1024w, https:\/\/gatodeyule.com\/wp-content\/uploads\/2026\/03\/misty-copeland-in-david-koma-1365x2048.jpg 1365w, https:\/\/gatodeyule.com\/wp-content\/uploads\/2026\/03\/misty-copeland-in-david-koma-8x12.jpg 8w\" sizes=\"auto, (max-width: 1500px) 100vw, 1500px\" \/><\/p>\n<p>Misty Copeland luci\u00f3 majestuosa con un conjunto hecho a medida por<strong> David Koma<\/strong>, que inclu\u00eda una falda blanca de seda y un <em>blazer<\/em> negro con escote pronunciado y volantes blancos inspirados en un tut\u00fa.<\/p>\n<p>&nbsp;<\/p>\n<p><strong>CHARITHRA CHANDRAN<\/strong><br \/>\n<strong>EN MISS SOHEE<\/strong><\/p>\n<p><img loading=\"lazy\" decoding=\"async\" class=\"alignnone size-full wp-image-1267\" src=\"https:\/\/gatodeyule.com\/wp-content\/uploads\/2026\/03\/charithra-chandran-in-miss-sohee.webp\" alt=\"\" width=\"1080\" height=\"1619\" srcset=\"https:\/\/gatodeyule.com\/wp-content\/uploads\/2026\/03\/charithra-chandran-in-miss-sohee.webp 1080w, https:\/\/gatodeyule.com\/wp-content\/uploads\/2026\/03\/charithra-chandran-in-miss-sohee-200x300.webp 200w, https:\/\/gatodeyule.com\/wp-content\/uploads\/2026\/03\/charithra-chandran-in-miss-sohee-683x1024.webp 683w, https:\/\/gatodeyule.com\/wp-content\/uploads\/2026\/03\/charithra-chandran-in-miss-sohee-768x1151.webp 768w, https:\/\/gatodeyule.com\/wp-content\/uploads\/2026\/03\/charithra-chandran-in-miss-sohee-1025x1536.webp 1025w, https:\/\/gatodeyule.com\/wp-content\/uploads\/2026\/03\/charithra-chandran-in-miss-sohee-8x12.webp 8w\" sizes=\"auto, (max-width: 1080px) 100vw, 1080px\" \/><\/p>\n<p>Charithra Chandran luci\u00f3 un vestido de <strong>Miss Sohee<\/strong>. La estructura del corpi\u00f1o, confeccionado con maestr\u00eda, realza su figura de forma exquisita, aportando una elegancia que contrasta con la espectacular y fluida cola del vestido.<\/p>\n<p>&nbsp;<\/p>\n<p><strong>GINNIFER GOODWIN<\/strong><br \/>\n<strong>EN MONSE<\/strong><\/p>\n<p><img loading=\"lazy\" decoding=\"async\" class=\"alignnone size-full wp-image-1313\" src=\"https:\/\/gatodeyule.com\/wp-content\/uploads\/2026\/03\/ginnifer-goodwin-in-monse.webp\" alt=\"\" width=\"1000\" height=\"1510\" srcset=\"https:\/\/gatodeyule.com\/wp-content\/uploads\/2026\/03\/ginnifer-goodwin-in-monse.webp 1000w, https:\/\/gatodeyule.com\/wp-content\/uploads\/2026\/03\/ginnifer-goodwin-in-monse-199x300.webp 199w, https:\/\/gatodeyule.com\/wp-content\/uploads\/2026\/03\/ginnifer-goodwin-in-monse-678x1024.webp 678w, https:\/\/gatodeyule.com\/wp-content\/uploads\/2026\/03\/ginnifer-goodwin-in-monse-768x1160.webp 768w, https:\/\/gatodeyule.com\/wp-content\/uploads\/2026\/03\/ginnifer-goodwin-in-monse-8x12.webp 8w\" sizes=\"auto, (max-width: 1000px) 100vw, 1000px\" \/><\/p>\n<p>Ginnifer Goodwin luci\u00f3 un dise\u00f1o de<strong> Monse <em>Oto\u00f1o 2026<\/em><\/strong>, un vestido negro transparente con un original detalle escultural que dejaba los hombros al descubierto. Complet\u00f3 su <em>look<\/em> con joyas de <strong>Sabyasachi<\/strong>.<\/p>\n<p>&nbsp;<\/p>\n<p><strong>WUNMI MOSAKU<\/strong><br \/>\n<strong>EN LOUIS VUITTON<\/strong><\/p>\n<p><img loading=\"lazy\" decoding=\"async\" class=\"alignnone size-full wp-image-1298\" src=\"https:\/\/gatodeyule.com\/wp-content\/uploads\/2026\/03\/wunmi-mosaku-in-louis-vuitton-1.webp\" alt=\"\" width=\"1080\" height=\"1493\" srcset=\"https:\/\/gatodeyule.com\/wp-content\/uploads\/2026\/03\/wunmi-mosaku-in-louis-vuitton-1.webp 1080w, https:\/\/gatodeyule.com\/wp-content\/uploads\/2026\/03\/wunmi-mosaku-in-louis-vuitton-1-217x300.webp 217w, https:\/\/gatodeyule.com\/wp-content\/uploads\/2026\/03\/wunmi-mosaku-in-louis-vuitton-1-741x1024.webp 741w, https:\/\/gatodeyule.com\/wp-content\/uploads\/2026\/03\/wunmi-mosaku-in-louis-vuitton-1-768x1062.webp 768w, https:\/\/gatodeyule.com\/wp-content\/uploads\/2026\/03\/wunmi-mosaku-in-louis-vuitton-1-9x12.webp 9w\" sizes=\"auto, (max-width: 1080px) 100vw, 1080px\" \/><\/p>\n<p>Wunmi Mosaku llev\u00f3 un vestido asim\u00e9trico bordado de<strong> Louis Vuitton<\/strong>. El bordado en tonos esmeralda brillaba bajo los focos, mientras que el escote asim\u00e9trico y la silueta esculpida armonizaban elegancia y presencia.<\/p>\n<p>&nbsp;<\/p>\n<p><strong>KERRY CONDON<\/strong><br \/>\n<strong>EN ARMANI PRIV\u00c9<\/strong><\/p>\n<p><img loading=\"lazy\" decoding=\"async\" class=\"alignnone size-full wp-image-1314\" src=\"https:\/\/gatodeyule.com\/wp-content\/uploads\/2026\/03\/Kerry-Condon-in-armani-prive-scaled.webp\" alt=\"\" width=\"1707\" height=\"2560\" srcset=\"https:\/\/gatodeyule.com\/wp-content\/uploads\/2026\/03\/Kerry-Condon-in-armani-prive-scaled.webp 1707w, https:\/\/gatodeyule.com\/wp-content\/uploads\/2026\/03\/Kerry-Condon-in-armani-prive-200x300.webp 200w, https:\/\/gatodeyule.com\/wp-content\/uploads\/2026\/03\/Kerry-Condon-in-armani-prive-683x1024.webp 683w, https:\/\/gatodeyule.com\/wp-content\/uploads\/2026\/03\/Kerry-Condon-in-armani-prive-768x1152.webp 768w, https:\/\/gatodeyule.com\/wp-content\/uploads\/2026\/03\/Kerry-Condon-in-armani-prive-1024x1536.webp 1024w, https:\/\/gatodeyule.com\/wp-content\/uploads\/2026\/03\/Kerry-Condon-in-armani-prive-1365x2048.webp 1365w, https:\/\/gatodeyule.com\/wp-content\/uploads\/2026\/03\/Kerry-Condon-in-armani-prive-8x12.webp 8w\" sizes=\"auto, (max-width: 1707px) 100vw, 1707px\" \/><\/p>\n<p>Kerry Condon ha lucido un vestido de <strong>Armani Priv\u00e9<\/strong> con pronunciado escote en <em>V<\/em> y corpi\u00f1o completamente bordado. La firma ha recurrido a esta f\u00f3rmula en numerosas ocasiones porque funciona.<\/p>\n<p>&nbsp;<\/p>\n<p><strong>VICKY KRIEPS<\/strong><br \/>\n<strong>EN BOTTEGA VENETA<\/strong><\/p>\n<p><img loading=\"lazy\" decoding=\"async\" class=\"alignnone size-full wp-image-1363\" src=\"https:\/\/gatodeyule.com\/wp-content\/uploads\/2026\/03\/Vicky-Krieps-in-bottega-veneta.jpg\" alt=\"\" width=\"1439\" height=\"2160\" srcset=\"https:\/\/gatodeyule.com\/wp-content\/uploads\/2026\/03\/Vicky-Krieps-in-bottega-veneta.jpg 1439w, https:\/\/gatodeyule.com\/wp-content\/uploads\/2026\/03\/Vicky-Krieps-in-bottega-veneta-200x300.jpg 200w, https:\/\/gatodeyule.com\/wp-content\/uploads\/2026\/03\/Vicky-Krieps-in-bottega-veneta-682x1024.jpg 682w, https:\/\/gatodeyule.com\/wp-content\/uploads\/2026\/03\/Vicky-Krieps-in-bottega-veneta-768x1153.jpg 768w, https:\/\/gatodeyule.com\/wp-content\/uploads\/2026\/03\/Vicky-Krieps-in-bottega-veneta-1023x1536.jpg 1023w, https:\/\/gatodeyule.com\/wp-content\/uploads\/2026\/03\/Vicky-Krieps-in-bottega-veneta-1364x2048.jpg 1364w, https:\/\/gatodeyule.com\/wp-content\/uploads\/2026\/03\/Vicky-Krieps-in-bottega-veneta-8x12.jpg 8w\" sizes=\"auto, (max-width: 1439px) 100vw, 1439px\" \/><\/p>\n<p>Vicky Krieps luci\u00f3 un dise\u00f1o de <strong>Bottega Veneta<\/strong> hecho a medida, con organza bordada con piel que a\u00f1ad\u00eda textura y profundidad a la silueta, por lo dem\u00e1s sencilla, de corte recto.<\/p>\n<p>&nbsp;<\/p>\n<p><strong>ODESSA RAE<\/strong><br \/>\n<strong>EN MAISON MARGIELA<\/strong><\/p>\n<p><img loading=\"lazy\" decoding=\"async\" class=\"alignnone size-full wp-image-1294\" src=\"https:\/\/gatodeyule.com\/wp-content\/uploads\/2026\/03\/Odessa-Rae-in-Maison-Margiela-Artisanal.webp\" alt=\"\" width=\"1200\" height=\"1800\" srcset=\"https:\/\/gatodeyule.com\/wp-content\/uploads\/2026\/03\/Odessa-Rae-in-Maison-Margiela-Artisanal.webp 1200w, https:\/\/gatodeyule.com\/wp-content\/uploads\/2026\/03\/Odessa-Rae-in-Maison-Margiela-Artisanal-200x300.webp 200w, https:\/\/gatodeyule.com\/wp-content\/uploads\/2026\/03\/Odessa-Rae-in-Maison-Margiela-Artisanal-683x1024.webp 683w, https:\/\/gatodeyule.com\/wp-content\/uploads\/2026\/03\/Odessa-Rae-in-Maison-Margiela-Artisanal-768x1152.webp 768w, https:\/\/gatodeyule.com\/wp-content\/uploads\/2026\/03\/Odessa-Rae-in-Maison-Margiela-Artisanal-1024x1536.webp 1024w, https:\/\/gatodeyule.com\/wp-content\/uploads\/2026\/03\/Odessa-Rae-in-Maison-Margiela-Artisanal-8x12.webp 8w\" sizes=\"auto, (max-width: 1200px) 100vw, 1200px\" \/><\/p>\n<p>Odessa Rae se ve\u00eda encantadora con un vestido de sat\u00e9n color marfil de <strong>Maison Margiela<em> Artisanal 2025<\/em><\/strong>, con su cintura m\u00e1s baja y apliques de encaje en formas tridimensionales.<\/p>\n<p>&nbsp;<\/p>\n<p><strong>ISABELA MERCED<\/strong><br \/>\n<strong>EN ELISABETTA FRANCHI<\/strong><\/p>\n<p><img loading=\"lazy\" decoding=\"async\" class=\"alignnone size-full wp-image-1291\" src=\"https:\/\/gatodeyule.com\/wp-content\/uploads\/2026\/03\/isabela-merced.webp\" alt=\"\" width=\"1080\" height=\"1619\" srcset=\"https:\/\/gatodeyule.com\/wp-content\/uploads\/2026\/03\/isabela-merced.webp 1080w, https:\/\/gatodeyule.com\/wp-content\/uploads\/2026\/03\/isabela-merced-200x300.webp 200w, https:\/\/gatodeyule.com\/wp-content\/uploads\/2026\/03\/isabela-merced-683x1024.webp 683w, https:\/\/gatodeyule.com\/wp-content\/uploads\/2026\/03\/isabela-merced-768x1151.webp 768w, https:\/\/gatodeyule.com\/wp-content\/uploads\/2026\/03\/isabela-merced-1025x1536.webp 1025w, https:\/\/gatodeyule.com\/wp-content\/uploads\/2026\/03\/isabela-merced-8x12.webp 8w\" sizes=\"auto, (max-width: 1080px) 100vw, 1080px\" \/><\/p>\n<p>Isabela Merced se ha atrevido con un vestido de corpi\u00f1o de piel ecol\u00f3gica hecho a medida por<strong> Elisabetta Franchi<\/strong>, con falda drapeada. Un momento inesperado en la alfombra de los <em>Oscars<\/em>.<\/p>\n<p>&nbsp;<\/p>\n<p><strong>ARIANA GREENBLATT<\/strong><br \/>\n<strong>EN JOHN GALLIANO<\/strong><\/p>\n<p><img loading=\"lazy\" decoding=\"async\" class=\"alignnone size-full wp-image-1283\" src=\"https:\/\/gatodeyule.com\/wp-content\/uploads\/2026\/03\/ariana-greenblatt-in-john-galliano.webp\" alt=\"\" width=\"1080\" height=\"1619\" srcset=\"https:\/\/gatodeyule.com\/wp-content\/uploads\/2026\/03\/ariana-greenblatt-in-john-galliano.webp 1080w, https:\/\/gatodeyule.com\/wp-content\/uploads\/2026\/03\/ariana-greenblatt-in-john-galliano-200x300.webp 200w, https:\/\/gatodeyule.com\/wp-content\/uploads\/2026\/03\/ariana-greenblatt-in-john-galliano-683x1024.webp 683w, https:\/\/gatodeyule.com\/wp-content\/uploads\/2026\/03\/ariana-greenblatt-in-john-galliano-768x1151.webp 768w, https:\/\/gatodeyule.com\/wp-content\/uploads\/2026\/03\/ariana-greenblatt-in-john-galliano-1025x1536.webp 1025w, https:\/\/gatodeyule.com\/wp-content\/uploads\/2026\/03\/ariana-greenblatt-in-john-galliano-8x12.webp 8w\" sizes=\"auto, (max-width: 1080px) 100vw, 1080px\" \/><\/p>\n<p>No puedo creer lo mal que luce Ariana Greenblatt aqu\u00ed. \u00bfQu\u00e9 sentido ten\u00eda sacar este impresionante vestido de archivo de<strong> John Galliano<\/strong> si este iba a ser el resultado? Qu\u00e9 desperdicio.<\/p>\n<p>&nbsp;<\/p>\n<p><strong>ODESSA A\u2019ZION<\/strong><br \/>\n<strong>EN VALENTINO<\/strong><\/p>\n<p><img loading=\"lazy\" decoding=\"async\" class=\"alignnone size-full wp-image-1295\" src=\"https:\/\/gatodeyule.com\/wp-content\/uploads\/2026\/03\/Odessa-Azion-in-valentino-scaled.webp\" alt=\"\" width=\"1707\" height=\"2560\" srcset=\"https:\/\/gatodeyule.com\/wp-content\/uploads\/2026\/03\/Odessa-Azion-in-valentino-scaled.webp 1707w, https:\/\/gatodeyule.com\/wp-content\/uploads\/2026\/03\/Odessa-Azion-in-valentino-200x300.webp 200w, https:\/\/gatodeyule.com\/wp-content\/uploads\/2026\/03\/Odessa-Azion-in-valentino-683x1024.webp 683w, https:\/\/gatodeyule.com\/wp-content\/uploads\/2026\/03\/Odessa-Azion-in-valentino-768x1152.webp 768w, https:\/\/gatodeyule.com\/wp-content\/uploads\/2026\/03\/Odessa-Azion-in-valentino-1024x1536.webp 1024w, https:\/\/gatodeyule.com\/wp-content\/uploads\/2026\/03\/Odessa-Azion-in-valentino-1365x2048.webp 1365w, https:\/\/gatodeyule.com\/wp-content\/uploads\/2026\/03\/Odessa-Azion-in-valentino-8x12.webp 8w\" sizes=\"auto, (max-width: 1707px) 100vw, 1707px\" \/><\/p>\n<p>En lo que respecta a su estilo en la alfombra roja, es evidente que Odessa A\u2019zion tiene una f\u00f3rmula. Una con sensaci\u00f3n de <em>deja vu<\/em>. Las joyas de <strong>Pandora<\/strong> completaron su <em>look<\/em>.<\/p>\n<p>&nbsp;<\/p>\n<p><strong>RYAN DESTINY<\/strong><br \/>\n<strong>EN AMI PARIS<\/strong><\/p>\n<p><img loading=\"lazy\" decoding=\"async\" class=\"alignnone size-full wp-image-1290\" src=\"https:\/\/gatodeyule.com\/wp-content\/uploads\/2026\/03\/ryan-destiny-in-ami-paris.webp\" alt=\"\" width=\"1080\" height=\"1571\" srcset=\"https:\/\/gatodeyule.com\/wp-content\/uploads\/2026\/03\/ryan-destiny-in-ami-paris.webp 1080w, https:\/\/gatodeyule.com\/wp-content\/uploads\/2026\/03\/ryan-destiny-in-ami-paris-206x300.webp 206w, https:\/\/gatodeyule.com\/wp-content\/uploads\/2026\/03\/ryan-destiny-in-ami-paris-704x1024.webp 704w, https:\/\/gatodeyule.com\/wp-content\/uploads\/2026\/03\/ryan-destiny-in-ami-paris-768x1117.webp 768w, https:\/\/gatodeyule.com\/wp-content\/uploads\/2026\/03\/ryan-destiny-in-ami-paris-1056x1536.webp 1056w, https:\/\/gatodeyule.com\/wp-content\/uploads\/2026\/03\/ryan-destiny-in-ami-paris-8x12.webp 8w\" sizes=\"auto, (max-width: 1080px) 100vw, 1080px\" \/><\/p>\n<p>Ryan Destiny se ha destacado por darle la vuelta a un vestido camisero con un atuendo de <strong>Ami Paris<\/strong>. Las joyas de <strong>Marli<\/strong> completaron su <em>look<\/em>.<\/p>\n<p>&nbsp;<\/p>\n<p><strong>BRUNA MARQUEZINE<\/strong><br \/>\n<strong>EN GUCCI<\/strong><\/p>\n<p><img loading=\"lazy\" decoding=\"async\" class=\"alignnone size-full wp-image-1280\" src=\"https:\/\/gatodeyule.com\/wp-content\/uploads\/2026\/03\/bruna-marquezine-wearing-custom-gucci.webp\" alt=\"\" width=\"1080\" height=\"1619\" srcset=\"https:\/\/gatodeyule.com\/wp-content\/uploads\/2026\/03\/bruna-marquezine-wearing-custom-gucci.webp 1080w, https:\/\/gatodeyule.com\/wp-content\/uploads\/2026\/03\/bruna-marquezine-wearing-custom-gucci-200x300.webp 200w, https:\/\/gatodeyule.com\/wp-content\/uploads\/2026\/03\/bruna-marquezine-wearing-custom-gucci-683x1024.webp 683w, https:\/\/gatodeyule.com\/wp-content\/uploads\/2026\/03\/bruna-marquezine-wearing-custom-gucci-768x1151.webp 768w, https:\/\/gatodeyule.com\/wp-content\/uploads\/2026\/03\/bruna-marquezine-wearing-custom-gucci-1025x1536.webp 1025w, https:\/\/gatodeyule.com\/wp-content\/uploads\/2026\/03\/bruna-marquezine-wearing-custom-gucci-8x12.webp 8w\" sizes=\"auto, (max-width: 1080px) 100vw, 1080px\" \/><\/p>\n<p>Bruna Marquezine ha deslumbrado con un ajustado vestido palabra de honor de <strong>Gucci<\/strong>. Las joyas de <strong>Wempe Us<\/strong> complementaron su <em>look<\/em>.<\/p>\n<p>&nbsp;<\/p>\n<p><strong>PRIYANKA CHOPRA<\/strong><br \/>\n<strong>EN DIOR<\/strong><\/p>\n<p><img loading=\"lazy\" decoding=\"async\" class=\"alignnone size-full wp-image-1370\" src=\"https:\/\/gatodeyule.com\/wp-content\/uploads\/2026\/03\/priyanka-chopra-in-dior-scaled.jpg\" alt=\"\" width=\"1707\" height=\"2560\" srcset=\"https:\/\/gatodeyule.com\/wp-content\/uploads\/2026\/03\/priyanka-chopra-in-dior-scaled.jpg 1707w, https:\/\/gatodeyule.com\/wp-content\/uploads\/2026\/03\/priyanka-chopra-in-dior-200x300.jpg 200w, https:\/\/gatodeyule.com\/wp-content\/uploads\/2026\/03\/priyanka-chopra-in-dior-683x1024.jpg 683w, https:\/\/gatodeyule.com\/wp-content\/uploads\/2026\/03\/priyanka-chopra-in-dior-768x1152.jpg 768w, https:\/\/gatodeyule.com\/wp-content\/uploads\/2026\/03\/priyanka-chopra-in-dior-1024x1536.jpg 1024w, https:\/\/gatodeyule.com\/wp-content\/uploads\/2026\/03\/priyanka-chopra-in-dior-1366x2048.jpg 1366w, https:\/\/gatodeyule.com\/wp-content\/uploads\/2026\/03\/priyanka-chopra-in-dior-8x12.jpg 8w\" sizes=\"auto, (max-width: 1707px) 100vw, 1707px\" \/><\/p>\n<p>Priyanka Chopra ha escogido un vestido palabra de honor de <strong>Dior<\/strong> con detalles de plumas bordadas. Las joyas de <strong>Bvlgari<\/strong> complementaron el <em>look<\/em>.<\/p>\n<p>&nbsp;<\/p>\n<p><strong>EJAE<\/strong><br \/>\n<strong>EN DIOR<\/strong><\/p>\n<p><img loading=\"lazy\" decoding=\"async\" class=\"alignnone size-full wp-image-1315\" src=\"https:\/\/gatodeyule.com\/wp-content\/uploads\/2026\/03\/EJAE-in-dior.webp\" alt=\"\" width=\"1600\" height=\"2400\" srcset=\"https:\/\/gatodeyule.com\/wp-content\/uploads\/2026\/03\/EJAE-in-dior.webp 1600w, https:\/\/gatodeyule.com\/wp-content\/uploads\/2026\/03\/EJAE-in-dior-200x300.webp 200w, https:\/\/gatodeyule.com\/wp-content\/uploads\/2026\/03\/EJAE-in-dior-683x1024.webp 683w, https:\/\/gatodeyule.com\/wp-content\/uploads\/2026\/03\/EJAE-in-dior-768x1152.webp 768w, https:\/\/gatodeyule.com\/wp-content\/uploads\/2026\/03\/EJAE-in-dior-1024x1536.webp 1024w, https:\/\/gatodeyule.com\/wp-content\/uploads\/2026\/03\/EJAE-in-dior-1365x2048.webp 1365w, https:\/\/gatodeyule.com\/wp-content\/uploads\/2026\/03\/EJAE-in-dior-8x12.webp 8w\" sizes=\"auto, (max-width: 1600px) 100vw, 1600px\" \/><\/p>\n<p>EJAE luci\u00f3 un hermoso vestido palabra de honor de <strong>Dior<\/strong> con detalles intrincados, drapeado en el corpi\u00f1o y un nudo fruncido en la cadera.<\/p>\n<p>&nbsp;<\/p>\n<p><strong>ALMA JODOROWSKY<\/strong><br \/>\n<strong>EN JACQUEMUS<\/strong><\/p>\n<p><img loading=\"lazy\" decoding=\"async\" class=\"alignnone size-full wp-image-1328 aligncenter\" src=\"https:\/\/gatodeyule.com\/wp-content\/uploads\/2026\/03\/alma-jodorowsky.webp\" alt=\"\" width=\"800\" height=\"1201\" srcset=\"https:\/\/gatodeyule.com\/wp-content\/uploads\/2026\/03\/alma-jodorowsky.webp 800w, https:\/\/gatodeyule.com\/wp-content\/uploads\/2026\/03\/alma-jodorowsky-200x300.webp 200w, https:\/\/gatodeyule.com\/wp-content\/uploads\/2026\/03\/alma-jodorowsky-682x1024.webp 682w, https:\/\/gatodeyule.com\/wp-content\/uploads\/2026\/03\/alma-jodorowsky-768x1153.webp 768w, https:\/\/gatodeyule.com\/wp-content\/uploads\/2026\/03\/alma-jodorowsky-8x12.webp 8w\" sizes=\"auto, (max-width: 800px) 100vw, 800px\" \/><\/p>\n<p>Alma Jodorowsky se ha destacado por la sobriedad de un vestido negro de <strong>Jacquemus<\/strong>. Las joyas de <strong>Mellerio<\/strong> complementaron su <em>look<\/em>.<\/p>\n<p>&nbsp;<\/p>\n<p><strong>ALANA HAIM<\/strong><br \/>\n<strong>EN LOUIS VUITTON<\/strong><\/p>\n<p><img loading=\"lazy\" decoding=\"async\" class=\"alignnone size-full wp-image-1371\" src=\"https:\/\/gatodeyule.com\/wp-content\/uploads\/2026\/03\/alana-haim-in-louis-vuitton.webp\" alt=\"\" width=\"1080\" height=\"1619\" srcset=\"https:\/\/gatodeyule.com\/wp-content\/uploads\/2026\/03\/alana-haim-in-louis-vuitton.webp 1080w, https:\/\/gatodeyule.com\/wp-content\/uploads\/2026\/03\/alana-haim-in-louis-vuitton-200x300.webp 200w, https:\/\/gatodeyule.com\/wp-content\/uploads\/2026\/03\/alana-haim-in-louis-vuitton-683x1024.webp 683w, https:\/\/gatodeyule.com\/wp-content\/uploads\/2026\/03\/alana-haim-in-louis-vuitton-768x1151.webp 768w, https:\/\/gatodeyule.com\/wp-content\/uploads\/2026\/03\/alana-haim-in-louis-vuitton-1025x1536.webp 1025w, https:\/\/gatodeyule.com\/wp-content\/uploads\/2026\/03\/alana-haim-in-louis-vuitton-8x12.webp 8w\" sizes=\"auto, (max-width: 1080px) 100vw, 1080px\" \/><\/p>\n<p>Alana Haim lleg\u00f3 sola a la alfombra roja, sin sus hermanas, luciendo un vestido cruzado de <strong>Louis Vuitton<\/strong> bordado en blanco y negro.<\/p>\n<p>&nbsp;<\/p>\n<p><strong>BELLA THORNE<\/strong><br \/>\n<strong>EN GUCCI<\/strong><\/p>\n<p><img loading=\"lazy\" decoding=\"async\" class=\"alignnone size-full wp-image-1268\" src=\"https:\/\/gatodeyule.com\/wp-content\/uploads\/2026\/03\/bella-thorne-in-gucci.webp\" alt=\"\" width=\"1080\" height=\"1572\" srcset=\"https:\/\/gatodeyule.com\/wp-content\/uploads\/2026\/03\/bella-thorne-in-gucci.webp 1080w, https:\/\/gatodeyule.com\/wp-content\/uploads\/2026\/03\/bella-thorne-in-gucci-206x300.webp 206w, https:\/\/gatodeyule.com\/wp-content\/uploads\/2026\/03\/bella-thorne-in-gucci-704x1024.webp 704w, https:\/\/gatodeyule.com\/wp-content\/uploads\/2026\/03\/bella-thorne-in-gucci-768x1118.webp 768w, https:\/\/gatodeyule.com\/wp-content\/uploads\/2026\/03\/bella-thorne-in-gucci-1055x1536.webp 1055w, https:\/\/gatodeyule.com\/wp-content\/uploads\/2026\/03\/bella-thorne-in-gucci-8x12.webp 8w\" sizes=\"auto, (max-width: 1080px) 100vw, 1080px\" \/><\/p>\n<p>Bella Thorne derroch\u00f3 glamour con un vestido negro transparente de <strong>Gucci<\/strong> adornado con plumas y superpuesto sobre un monograma.<\/p>\n<p>&nbsp;<\/p>\n<p><strong>LAURA LUF\u00c9SI<\/strong><br \/>\n<strong>EN MISCI<\/strong><\/p>\n<p><img loading=\"lazy\" decoding=\"async\" class=\"alignnone size-full wp-image-1273 aligncenter\" src=\"https:\/\/gatodeyule.com\/wp-content\/uploads\/2026\/03\/laura-lufesi-in-misci.webp\" alt=\"\" width=\"816\" height=\"1224\" srcset=\"https:\/\/gatodeyule.com\/wp-content\/uploads\/2026\/03\/laura-lufesi-in-misci.webp 816w, https:\/\/gatodeyule.com\/wp-content\/uploads\/2026\/03\/laura-lufesi-in-misci-200x300.webp 200w, https:\/\/gatodeyule.com\/wp-content\/uploads\/2026\/03\/laura-lufesi-in-misci-683x1024.webp 683w, https:\/\/gatodeyule.com\/wp-content\/uploads\/2026\/03\/laura-lufesi-in-misci-768x1152.webp 768w, https:\/\/gatodeyule.com\/wp-content\/uploads\/2026\/03\/laura-lufesi-in-misci-8x12.webp 8w\" sizes=\"auto, (max-width: 816px) 100vw, 816px\" \/><\/p>\n<p>Laura Luf\u00e9si se ha destacado por un vestido halter de <strong>Misci<\/strong> rico en textura y color. Las joyas de<strong> Carlos Penna<\/strong> complementaron su <em>look<\/em>.<\/p>\n<p>&nbsp;<\/p>\n<p><strong>MOLLY SIMS<\/strong><br \/>\n<strong>EN MONIQUE LHUILLIER<\/strong><\/p>\n<p><img loading=\"lazy\" decoding=\"async\" class=\"alignnone size-full wp-image-1373\" src=\"https:\/\/gatodeyule.com\/wp-content\/uploads\/2026\/03\/molly-sims.jpg\" alt=\"\" width=\"1500\" height=\"2250\" srcset=\"https:\/\/gatodeyule.com\/wp-content\/uploads\/2026\/03\/molly-sims.jpg 1500w, https:\/\/gatodeyule.com\/wp-content\/uploads\/2026\/03\/molly-sims-200x300.jpg 200w, https:\/\/gatodeyule.com\/wp-content\/uploads\/2026\/03\/molly-sims-683x1024.jpg 683w, https:\/\/gatodeyule.com\/wp-content\/uploads\/2026\/03\/molly-sims-768x1152.jpg 768w, https:\/\/gatodeyule.com\/wp-content\/uploads\/2026\/03\/molly-sims-1024x1536.jpg 1024w, https:\/\/gatodeyule.com\/wp-content\/uploads\/2026\/03\/molly-sims-1365x2048.jpg 1365w, https:\/\/gatodeyule.com\/wp-content\/uploads\/2026\/03\/molly-sims-8x12.jpg 8w\" sizes=\"auto, (max-width: 1500px) 100vw, 1500px\" \/><\/p>\n<p>Molly Sims ha aparecido con un vestido palabra de honor en color amarillo de <strong>Monique Lhuillier<\/strong> con falda asimetrica.<\/p>","protected":false},"excerpt":{"rendered":"<p>La alfombra roja de los Oscars 2026 fue todo lo que quer\u00edamos. El Dolby Theater de Los \u00c1ngeles, se visti\u00f3 de gala, en la noche m\u00e1s esperada del cine. De hecho, esta promet\u00eda ser una carrera muy re\u00f1ida en muchas de las categor\u00edas principales, en las que no se ha perfilado ninguna cinta como favorita &hellip; <\/p>","protected":false},"author":1,"featured_media":1261,"comment_status":"open","ping_status":"open","sticky":false,"template":"","format":"standard","meta":{"_monsterinsights_skip_tracking":false,"_monsterinsights_sitenote_active":false,"_monsterinsights_sitenote_note":"","_monsterinsights_sitenote_category":0,"_uf_show_specific_survey":0,"_uf_disable_surveys":false,"footnotes":""},"categories":[16],"tags":[413,382,406,396,67,411,379,391,113,185,410,414,388,381,60,390,91,408,32,380,111,407,383,395,172,356,34,403,77,399,51,392,180,389,144,164,24,168,184,347,394,186,398,272,343,58,384,35,54,402,110,298,386,315,93,88,222,405,197,341,412,385,333,387,304,312,401,358,153,400,50,137,143,309,187,61,397,82,14,31,63,393,409,154,301,404],"class_list":["post-1260","post","type-post","status-publish","format-standard","has-post-thumbnail","hentry","category-alfombra-roja","tag-alana-haim","tag-alicia-silverstone","tag-alma-jodorowsky","tag-ami-paris","tag-anne-hathaway","tag-antonio-marras","tag-arden-cho","tag-ariana-greenblatt","tag-armani","tag-audrey-nuna","tag-aulii-cravalho","tag-ava-duvernay","tag-barbie-ferreira","tag-bella-thorne","tag-bottega-veneta","tag-bruna-marquezine","tag-carolina-herrera","tag-celine","tag-chanel","tag-charithra-chandran","tag-chase-infiniti","tag-chloe-zhao","tag-christian-siriano","tag-chrome-hearts","tag-david-koma","tag-demi-moore","tag-dior","tag-ejae","tag-elie-saab","tag-elisabetta-franchi","tag-elle-fanning","tag-felicity-jones","tag-gabriela-hearst","tag-gapstudio","tag-gaurav-gupta","tag-ginnifer-goodwin","tag-givenchy","tag-gracie-abrams","tag-gucci","tag-gwyneth-paltrow","tag-heidi-klum","tag-inga-ibsdotter-lilleaas","tag-isabela-merced","tag-jacquemus","tag-jayme-lawson","tag-jessie-buckley","tag-ji-young-yoo","tag-john-galliano","tag-kate-hudson","tag-kerry-condon","tag-kirsten-dunst","tag-kristen-wiig","tag-laura-lufesi","tag-li-jun-li","tag-loewe","tag-louis-vuitton","tag-maison-margiela","tag-marsai-martin","tag-mckenna-grace","tag-mia-goth","tag-mikey-madison","tag-misci","tag-miss-sohee","tag-misty-copeland","tag-molly-sims","tag-monique-lhuillier","tag-monse","tag-nicole-kidman","tag-odessa-azion","tag-odessa-rae","tag-oscars","tag-prada","tag-priyanka-chopra","tag-regina-hall","tag-renate-reinsve","tag-rose-byrne","tag-ryan-destiny","tag-saint-laurent","tag-teyana-taylor","tag-thom-browne","tag-valentino","tag-vera-wang","tag-vicky-krieps","tag-wunmi-mosaku","tag-yara-shoemaker","tag-zoe-saldana"],"aioseo_notices":[],"_links":{"self":[{"href":"https:\/\/gatodeyule.com\/en\/wp-json\/wp\/v2\/posts\/1260","targetHints":{"allow":["GET"]}}],"collection":[{"href":"https:\/\/gatodeyule.com\/en\/wp-json\/wp\/v2\/posts"}],"about":[{"href":"https:\/\/gatodeyule.com\/en\/wp-json\/wp\/v2\/types\/post"}],"author":[{"embeddable":true,"href":"https:\/\/gatodeyule.com\/en\/wp-json\/wp\/v2\/users\/1"}],"replies":[{"embeddable":true,"href":"https:\/\/gatodeyule.com\/en\/wp-json\/wp\/v2\/comments?post=1260"}],"version-history":[{"count":14,"href":"https:\/\/gatodeyule.com\/en\/wp-json\/wp\/v2\/posts\/1260\/revisions"}],"predecessor-version":[{"id":1266,"href":"https:\/\/gatodeyule.com\/en\/wp-json\/wp\/v2\/posts\/1260\/revisions\/1266"}],"wp:featuredmedia":[{"embeddable":true,"href":"https:\/\/gatodeyule.com\/en\/wp-json\/wp\/v2\/media\/1261"}],"wp:attachment":[{"href":"https:\/\/gatodeyule.com\/en\/wp-json\/wp\/v2\/media?parent=1260"}],"wp:term":[{"taxonomy":"category","embeddable":true,"href":"https:\/\/gatodeyule.com\/en\/wp-json\/wp\/v2\/categories?post=1260"},{"taxonomy":"post_tag","embeddable":true,"href":"https:\/\/gatodeyule.com\/en\/wp-json\/wp\/v2\/tags?post=1260"}],"curies":[{"name":"wp","href":"https:\/\/api.w.org\/{rel}","templated":true}]}}