{"id":1251,"date":"2026-03-06T02:38:52","date_gmt":"2026-03-06T08:38:52","guid":{"rendered":"https:\/\/gatodeyule.com\/?p=1251"},"modified":"2026-03-15T02:56:51","modified_gmt":"2026-03-15T08:56:51","slug":"cara-delevingne-se-apunta-a-esta-tendencia-vestidos-con-capucha","status":"publish","type":"post","link":"https:\/\/gatodeyule.com\/en\/cara-delevingne-se-apunta-a-esta-tendencia-vestidos-con-capucha\/","title":{"rendered":"CARA DELEVINGNE SE APUNTA A ESTA TENDENCIA: VESTIDOS CON CAPUCHA"},"content":{"rendered":"<p><strong>Cara Delevingne<\/strong> llegaba ayer por la noche a los <strong>GLAAD Media Awards 2026<\/strong> con motivo de reconocer y premiar a los miembros del mundo del espect\u00e1culo que han apoyado los derechos de la comunidad LGBT m\u00e1s impresionante que nunca.<\/p>\n<p>&nbsp;<\/p>\n<p><img loading=\"lazy\" decoding=\"async\" class=\"alignnone size-full wp-image-1255\" src=\"https:\/\/gatodeyule.com\/wp-content\/uploads\/2026\/03\/Cara-Delevingne-in-Alaia-1-scaled.webp\" alt=\"\" width=\"1711\" height=\"2560\" srcset=\"https:\/\/gatodeyule.com\/wp-content\/uploads\/2026\/03\/Cara-Delevingne-in-Alaia-1-scaled.webp 1711w, https:\/\/gatodeyule.com\/wp-content\/uploads\/2026\/03\/Cara-Delevingne-in-Alaia-1-201x300.webp 201w, https:\/\/gatodeyule.com\/wp-content\/uploads\/2026\/03\/Cara-Delevingne-in-Alaia-1-685x1024.webp 685w, https:\/\/gatodeyule.com\/wp-content\/uploads\/2026\/03\/Cara-Delevingne-in-Alaia-1-768x1149.webp 768w, https:\/\/gatodeyule.com\/wp-content\/uploads\/2026\/03\/Cara-Delevingne-in-Alaia-1-1027x1536.webp 1027w, https:\/\/gatodeyule.com\/wp-content\/uploads\/2026\/03\/Cara-Delevingne-in-Alaia-1-1369x2048.webp 1369w, https:\/\/gatodeyule.com\/wp-content\/uploads\/2026\/03\/Cara-Delevingne-in-Alaia-1-8x12.webp 8w\" sizes=\"auto, (max-width: 1711px) 100vw, 1711px\" \/><\/p>\n<p>&nbsp;<\/p>\n<p>Cuando se trata de tendencias, Cara las sabe llevar como nadie. Para la ocasi\u00f3n, la supermodelo brit\u00e1nica luci\u00f3 un ajustado vestido <em>vintage<\/em> de <strong>Azzedine Ala\u00efa<\/strong> con capucha de 1986.<\/p>\n<p>La tela negra se ce\u00f1\u00eda a su figura, con una peque\u00f1a abertura en el bajo de la falda que dejaba ver sus tacones negros. La capucha incorporada cubr\u00eda casi todo su cabello, cayendo sobre sus hombros y mangas largas, pero su flequillo brillante se asomaba por debajo. Complement\u00f3 su atuendo con peque\u00f1os pendientes, y luci\u00f3 delineador de ojos alado y bronceador.<\/p>\n<p>&nbsp;<\/p>\n<p><img loading=\"lazy\" decoding=\"async\" class=\"alignnone size-full wp-image-1257\" src=\"https:\/\/gatodeyule.com\/wp-content\/uploads\/2026\/03\/Cara-Delevingne-in-Alaia_1-scaled.webp\" alt=\"\" width=\"1711\" height=\"2560\" srcset=\"https:\/\/gatodeyule.com\/wp-content\/uploads\/2026\/03\/Cara-Delevingne-in-Alaia_1-scaled.webp 1711w, https:\/\/gatodeyule.com\/wp-content\/uploads\/2026\/03\/Cara-Delevingne-in-Alaia_1-201x300.webp 201w, https:\/\/gatodeyule.com\/wp-content\/uploads\/2026\/03\/Cara-Delevingne-in-Alaia_1-685x1024.webp 685w, https:\/\/gatodeyule.com\/wp-content\/uploads\/2026\/03\/Cara-Delevingne-in-Alaia_1-768x1149.webp 768w, https:\/\/gatodeyule.com\/wp-content\/uploads\/2026\/03\/Cara-Delevingne-in-Alaia_1-1027x1536.webp 1027w, https:\/\/gatodeyule.com\/wp-content\/uploads\/2026\/03\/Cara-Delevingne-in-Alaia_1-1369x2048.webp 1369w, https:\/\/gatodeyule.com\/wp-content\/uploads\/2026\/03\/Cara-Delevingne-in-Alaia_1-8x12.webp 8w\" sizes=\"auto, (max-width: 1711px) 100vw, 1711px\" \/><\/p>\n<p>&nbsp;<\/p>\n<p>Sin duda ella sabe c\u00f3mo crear un estilismo elegante y sofisticado siendo la m\u00e1s atrevida del evento.<\/p>","protected":false},"excerpt":{"rendered":"<p>Cara Delevingne llegaba ayer por la noche a los GLAAD Media Awards 2026 con motivo de reconocer y premiar a los miembros del mundo del espect\u00e1culo que han apoyado los derechos de la comunidad LGBT m\u00e1s impresionante que nunca. &nbsp; &nbsp; Cuando se trata de tendencias, Cara las sabe llevar como nadie. Para la ocasi\u00f3n, &hellip; <\/p>","protected":false},"author":1,"featured_media":1253,"comment_status":"open","ping_status":"open","sticky":false,"template":"","format":"standard","meta":{"_monsterinsights_skip_tracking":false,"_monsterinsights_sitenote_active":false,"_monsterinsights_sitenote_note":"","_monsterinsights_sitenote_category":0,"_uf_show_specific_survey":0,"_uf_disable_surveys":false,"footnotes":""},"categories":[16],"tags":[59,378,377],"class_list":["post-1251","post","type-post","status-publish","format-standard","has-post-thumbnail","hentry","category-alfombra-roja","tag-alaia","tag-cara-delevingne","tag-glaad-media-awards"],"aioseo_notices":[],"_links":{"self":[{"href":"https:\/\/gatodeyule.com\/en\/wp-json\/wp\/v2\/posts\/1251","targetHints":{"allow":["GET"]}}],"collection":[{"href":"https:\/\/gatodeyule.com\/en\/wp-json\/wp\/v2\/posts"}],"about":[{"href":"https:\/\/gatodeyule.com\/en\/wp-json\/wp\/v2\/types\/post"}],"author":[{"embeddable":true,"href":"https:\/\/gatodeyule.com\/en\/wp-json\/wp\/v2\/users\/1"}],"replies":[{"embeddable":true,"href":"https:\/\/gatodeyule.com\/en\/wp-json\/wp\/v2\/comments?post=1251"}],"version-history":[{"count":3,"href":"https:\/\/gatodeyule.com\/en\/wp-json\/wp\/v2\/posts\/1251\/revisions"}],"predecessor-version":[{"id":1259,"href":"https:\/\/gatodeyule.com\/en\/wp-json\/wp\/v2\/posts\/1251\/revisions\/1259"}],"wp:featuredmedia":[{"embeddable":true,"href":"https:\/\/gatodeyule.com\/en\/wp-json\/wp\/v2\/media\/1253"}],"wp:attachment":[{"href":"https:\/\/gatodeyule.com\/en\/wp-json\/wp\/v2\/media?parent=1251"}],"wp:term":[{"taxonomy":"category","embeddable":true,"href":"https:\/\/gatodeyule.com\/en\/wp-json\/wp\/v2\/categories?post=1251"},{"taxonomy":"post_tag","embeddable":true,"href":"https:\/\/gatodeyule.com\/en\/wp-json\/wp\/v2\/tags?post=1251"}],"curies":[{"name":"wp","href":"https:\/\/api.w.org\/{rel}","templated":true}]}}