{"id":1235,"date":"2026-03-03T13:01:44","date_gmt":"2026-03-03T19:01:44","guid":{"rendered":"https:\/\/gatodeyule.com\/?p=1235"},"modified":"2026-03-10T22:14:34","modified_gmt":"2026-03-11T04:14:34","slug":"diane-kruger-se-vuelve-esculturalmente-glamorosa-con-un-vestido-de-iris-van-herpen","status":"publish","type":"post","link":"https:\/\/gatodeyule.com\/en\/diane-kruger-se-vuelve-esculturalmente-glamorosa-con-un-vestido-de-iris-van-herpen\/","title":{"rendered":"DIANE KRUGER SE VUELVE ESCULTURALMENTE GLAMOROSA CON UN VESTIDO DE IRIS VAN HERPEN"},"content":{"rendered":"<p>Asistir a una gala como la <a title=\"LE GRAND D\u00ceNER DU LOUVRE 2026 | ALFOMBRA ROJA\" href=\"https:\/\/gatodeyule.com\/en\/le-grand-diner-du-louvre-2026-alfombra-roja\/\">Grand D\u00eener du Louvre<\/a> es la excusa perfecta para jugar, arriesgar y llevar la moda al l\u00edmite\u2026 y as\u00ed lo ha hecho <strong>Diane Kruger<\/strong> con un espectacular dise\u00f1o de Iris van Herpen.<\/p>\n<p>&nbsp;<\/p>\n<p><img loading=\"lazy\" decoding=\"async\" class=\"alignnone size-full wp-image-1236\" src=\"https:\/\/gatodeyule.com\/wp-content\/uploads\/2026\/03\/diane-kruger-wearing-irish-van-herpen-fall-winter-2023-1.webp\" alt=\"\" width=\"1080\" height=\"1572\" srcset=\"https:\/\/gatodeyule.com\/wp-content\/uploads\/2026\/03\/diane-kruger-wearing-irish-van-herpen-fall-winter-2023-1.webp 1080w, https:\/\/gatodeyule.com\/wp-content\/uploads\/2026\/03\/diane-kruger-wearing-irish-van-herpen-fall-winter-2023-1-206x300.webp 206w, https:\/\/gatodeyule.com\/wp-content\/uploads\/2026\/03\/diane-kruger-wearing-irish-van-herpen-fall-winter-2023-1-704x1024.webp 704w, https:\/\/gatodeyule.com\/wp-content\/uploads\/2026\/03\/diane-kruger-wearing-irish-van-herpen-fall-winter-2023-1-768x1118.webp 768w, https:\/\/gatodeyule.com\/wp-content\/uploads\/2026\/03\/diane-kruger-wearing-irish-van-herpen-fall-winter-2023-1-1055x1536.webp 1055w, https:\/\/gatodeyule.com\/wp-content\/uploads\/2026\/03\/diane-kruger-wearing-irish-van-herpen-fall-winter-2023-1-8x12.webp 8w\" sizes=\"auto, (max-width: 1080px) 100vw, 1080px\" \/><\/p>\n<p>&nbsp;<\/p>\n<p>En esta ocasi\u00f3n, la actriz alemana nos ha dejado sin aliento con un escultural dise\u00f1o de <em>Alta Costura<\/em> de <strong>Iris van Herpen<em> Oto\u00f1o 2023<\/em><\/strong>. La tela met\u00e1lica color champagne se enrosca en espiral alrededor del cuerpo de la actriz en pliegues superpuestos y al viento, creando estructuras dram\u00e1ticas con forma de p\u00e9talos en los hombros y las caderas.<\/p>\n<p>El corpi\u00f1o presenta un panel transparente de ilusi\u00f3n \u00f3ptica en el centro, enmarcado por elementos esculpidos en forma de concha que se curvan hacia afuera desde el torso. Lo que m\u00e1s me impresiona es el equilibrio. El vestido es innegablemente complejo, pero aun as\u00ed se siente controlado en lugar de ca\u00f3tico. Es el tipo de <em>look<\/em> en el que quien lo lleve podr\u00eda f\u00e1cilmente desaparecer, pero Kruger domina cada cent\u00edmetro.<\/p>\n<p>&nbsp;<\/p>\n<p><img loading=\"lazy\" decoding=\"async\" class=\"alignnone size-full wp-image-1233\" src=\"https:\/\/gatodeyule.com\/wp-content\/uploads\/2026\/03\/diane-kruger-wearing-irish-van-herpen-fall-winter-2023.webp\" alt=\"\" width=\"1200\" height=\"1800\" srcset=\"https:\/\/gatodeyule.com\/wp-content\/uploads\/2026\/03\/diane-kruger-wearing-irish-van-herpen-fall-winter-2023.webp 1200w, https:\/\/gatodeyule.com\/wp-content\/uploads\/2026\/03\/diane-kruger-wearing-irish-van-herpen-fall-winter-2023-200x300.webp 200w, https:\/\/gatodeyule.com\/wp-content\/uploads\/2026\/03\/diane-kruger-wearing-irish-van-herpen-fall-winter-2023-683x1024.webp 683w, https:\/\/gatodeyule.com\/wp-content\/uploads\/2026\/03\/diane-kruger-wearing-irish-van-herpen-fall-winter-2023-768x1152.webp 768w, https:\/\/gatodeyule.com\/wp-content\/uploads\/2026\/03\/diane-kruger-wearing-irish-van-herpen-fall-winter-2023-1024x1536.webp 1024w, https:\/\/gatodeyule.com\/wp-content\/uploads\/2026\/03\/diane-kruger-wearing-irish-van-herpen-fall-winter-2023-8x12.webp 8w\" sizes=\"auto, (max-width: 1200px) 100vw, 1200px\" \/><\/p>\n<p>&nbsp;<\/p>\n<p>Los discretos accesorios hicieron que la obra maestra con remolinos se convirtiera en el centro de atenci\u00f3n indiscutible. En resumen, Diane Kruger nos ha ofrecido un <em>look<\/em> que es audaz pero totalmente apropiado.<\/p>","protected":false},"excerpt":{"rendered":"<p>Asistir a una gala como la Grand D\u00eener du Louvre es la excusa perfecta para jugar, arriesgar y llevar la moda al l\u00edmite\u2026 y as\u00ed lo ha hecho Diane Kruger con un espectacular dise\u00f1o de Iris van Herpen. &nbsp; &nbsp; En esta ocasi\u00f3n, la actriz alemana nos ha dejado sin aliento con un escultural dise\u00f1o &hellip; <\/p>","protected":false},"author":1,"featured_media":1237,"comment_status":"open","ping_status":"open","sticky":false,"template":"","format":"standard","meta":{"_monsterinsights_skip_tracking":false,"_monsterinsights_sitenote_active":false,"_monsterinsights_sitenote_note":"","_monsterinsights_sitenote_category":0,"_uf_show_specific_survey":0,"_uf_disable_surveys":false,"footnotes":""},"categories":[16],"tags":[375,360,367],"class_list":["post-1235","post","type-post","status-publish","format-standard","has-post-thumbnail","hentry","category-alfombra-roja","tag-diane-kruger","tag-grand-diner-du-louvre","tag-iris-van-herpen"],"aioseo_notices":[],"_links":{"self":[{"href":"https:\/\/gatodeyule.com\/en\/wp-json\/wp\/v2\/posts\/1235","targetHints":{"allow":["GET"]}}],"collection":[{"href":"https:\/\/gatodeyule.com\/en\/wp-json\/wp\/v2\/posts"}],"about":[{"href":"https:\/\/gatodeyule.com\/en\/wp-json\/wp\/v2\/types\/post"}],"author":[{"embeddable":true,"href":"https:\/\/gatodeyule.com\/en\/wp-json\/wp\/v2\/users\/1"}],"replies":[{"embeddable":true,"href":"https:\/\/gatodeyule.com\/en\/wp-json\/wp\/v2\/comments?post=1235"}],"version-history":[{"count":1,"href":"https:\/\/gatodeyule.com\/en\/wp-json\/wp\/v2\/posts\/1235\/revisions"}],"predecessor-version":[{"id":1238,"href":"https:\/\/gatodeyule.com\/en\/wp-json\/wp\/v2\/posts\/1235\/revisions\/1238"}],"wp:featuredmedia":[{"embeddable":true,"href":"https:\/\/gatodeyule.com\/en\/wp-json\/wp\/v2\/media\/1237"}],"wp:attachment":[{"href":"https:\/\/gatodeyule.com\/en\/wp-json\/wp\/v2\/media?parent=1235"}],"wp:term":[{"taxonomy":"category","embeddable":true,"href":"https:\/\/gatodeyule.com\/en\/wp-json\/wp\/v2\/categories?post=1235"},{"taxonomy":"post_tag","embeddable":true,"href":"https:\/\/gatodeyule.com\/en\/wp-json\/wp\/v2\/tags?post=1235"}],"curies":[{"name":"wp","href":"https:\/\/api.w.org\/{rel}","templated":true}]}}